{"id":45603,"date":"2024-12-11T13:00:06","date_gmt":"2024-12-11T12:00:06","guid":{"rendered":"https:\/\/www.hiberus.com\/crecemos-contigo\/?p=45603"},"modified":"2025-02-10T13:07:01","modified_gmt":"2025-02-10T12:07:01","slug":"planificacion-y-ciberseguridad-en-cloud-con-imbisa","status":"publish","type":"post","link":"https:\/\/www.hiberus.com\/crecemos-contigo\/planificacion-y-ciberseguridad-en-cloud-con-imbisa\/","title":{"rendered":"Planificaci\u00f3n y ciberseguridad en cloud con IMBISA [incluye podcast]"},"content":{"rendered":"<p><span style=\"color: #000000;\"><span class=\"ui-provider ga b c d e f g h i j k l m n o p q r s t u v w x y z ab ac ae af ag ah ai aj ak\" dir=\"ltr\"><strong>Next Digital<\/strong>\u00a0es un podcast de hiberus donde hablamos con figuras destacadas del ecosistema empresarial sobre las estrategias digitales para hacer crecer su negocio, retos y aprendizajes. En este episodio,\u00a0<\/span>vamos a hablar sobre las ventajas e inconvenientes de los <span class=\"TextRun SCXW192056862 BCX8\" lang=\"ES-ES\" xml:lang=\"ES-ES\" data-contrast=\"auto\"><span class=\"NormalTextRun SCXW192056862 BCX8\">sistemas cloud vs. in-house<\/span><span class=\"NormalTextRun SCXW192056862 BCX8\">.<\/span><\/span><span class=\"EOP SCXW192056862 BCX8\" data-ccp-props=\"{}\">\u00a0<\/span><\/span><\/p>\n<p><span style=\"color: #000000;\">Para ello, contamos con un invitado de altura: <strong>Ricardo Blecua<\/strong>, Director de Sistemas de la Informaci\u00f3n en la Imprenta de Billetes del Banco de Espa\u00f1a (IMBISA)<span class=\"NormalTextRun SCXW110168644 BCX8\">. Junto a<\/span>\u00a0<strong>Rub\u00e9n Rold\u00f3n<\/strong>, Director de hiberus Sistemas, conversamos sobre <span class=\"TextRun SCXW110168644 BCX8\" lang=\"ES-ES\" xml:lang=\"ES-ES\" data-contrast=\"auto\"><span class=\"NormalTextRun SCXW110168644 BCX8\">migraciones a la nube, tendencias en ciberseguridad y su visi\u00f3n profesional del sector.<\/span><\/span><\/span><\/p>\n<p style=\"text-align: center;\"><iframe loading=\"lazy\" title=\"YouTube video player\" src=\"https:\/\/www.youtube.com\/embed\/nxbeOjrSTsM?si=eQWyAcjHoUeFmDO1\" width=\"560\" height=\"315\" frameborder=\"0\" allowfullscreen=\"allowfullscreen\"><\/iframe><\/p>\n<p style=\"text-align: center;\"><a href=\"https:\/\/linktr.ee\/nextdigital_byhiberus\" target=\"_blank\" rel=\"noopener\">Esc\u00fachalo en formato audio en tu plataforma de podcast<\/a><\/p>\n<p><strong>Cu\u00e9ntanos un poco m\u00e1s de ti, Ricardo. \u00bfC\u00f3mo es tu trayectoria profesional?<\/strong><\/p>\n<p><strong>Ricardo Blecua (IMBISA):<\/strong> Como has dicho, soy el director de sistemas de IMBISA, la Imprenta de Billetes, S.A., medio propio del Banco de Espa\u00f1a, que es el nombre oficial de nuestra empresa. Y, anteriormente, he estado trabajando como director de sistemas en Alliance Healthcare, en Industrias Hidr\u00e1ulicas Pardo, tengo un background importante en el \u00e1mbito de mundo m\u00e9dico y sanidad, &#8230;<\/p>\n<p><strong>\u00bfQu\u00e9 es en IMBISA?\u00a0<\/strong><\/p>\n<p><strong>Ricardo Blecua (IMBISA): <\/strong>Nosotros nacimos en el a\u00f1o 2015 como una escisi\u00f3n de la F\u00e1brica Nacional de Moneda y Timbre, debido a que hubo un cambio normativo en el Banco Central Europeo que ata\u00f1e a las imprentas de billetes. Por ciertos temas legales, que es un poco largo de explicar aqu\u00ed, es necesario separar la parte de fabricaci\u00f3n de billetes de la F\u00e1brica Nacional. Por ello, se crea una empresa nueva que pasa a depender al 80% del Banco de Espa\u00f1a y al 20% de la F\u00e1brica Nacional de Moneda y Timbre.<\/p>\n<p>M\u00e1s o menos somos unas 300 personas trabajando ah\u00ed dentro, pero teniendo en cuenta la parte de seguridad y subcontratas y dem\u00e1s, debemos de estar en unos 500. Somos la empresa que se dedica a imprimir los billetes que el Banco Central Europeo encarga al Banco de Espa\u00f1a. Solo imprimimos billetes de euro, no hacemos monedas ni nada m\u00e1s, \u00fanicamente billetes de euro. Y este es el trabajo que hacemos.<\/p>\n<p><strong>O sea que podr\u00edamos decir que <em>La casa de papel<\/em> se basa un poco en IMBISA.<\/strong><\/p>\n<p><strong>Ricardo Blecua (IMBISA): <\/strong>S\u00ed y no. Es cierto que se supone que el robo de <em>La casa de papel,<\/em> de la primera temporada, transcurre en la FNMT, la F\u00e1brica Nacional de Moneda Timbre. Pero lo cierto es que a nosotros no nos pidieron ning\u00fan permiso y no grabaron nada dentro. Tambi\u00e9n tengo que decir que nosotros ahora nos hemos mudado, ya no estamos en la F\u00e1brica Nacional de Moneda y Timbre, sino que hemos hecho una planta nueva que est\u00e1 cerca de Vic\u00e1lvaro y por lo tanto las oficinas ya son completamente diferentes.<\/p>\n<p><img loading=\"lazy\" decoding=\"async\" class=\"aligncenter wp-image-45644\" src=\"https:\/\/www.hiberus.com\/crecemos-contigo\/wp-content\/uploads\/2024\/12\/Next-Digital-Imbisa-01-1024x523.jpg\" alt=\"Ricardo Blecua, M\u00f3nica Gim\u00e9nez y Rub\u00e9n Rold\u00f3n\" width=\"700\" height=\"357\" srcset=\"https:\/\/www.hiberus.com\/crecemos-contigo\/wp-content\/uploads\/2024\/12\/Next-Digital-Imbisa-01-1024x523.jpg 1024w, https:\/\/www.hiberus.com\/crecemos-contigo\/wp-content\/uploads\/2024\/12\/Next-Digital-Imbisa-01-300x153.jpg 300w, https:\/\/www.hiberus.com\/crecemos-contigo\/wp-content\/uploads\/2024\/12\/Next-Digital-Imbisa-01-768x392.jpg 768w, https:\/\/www.hiberus.com\/crecemos-contigo\/wp-content\/uploads\/2024\/12\/Next-Digital-Imbisa-01-1536x784.jpg 1536w, https:\/\/www.hiberus.com\/crecemos-contigo\/wp-content\/uploads\/2024\/12\/Next-Digital-Imbisa-01-2048x1045.jpg 2048w, https:\/\/www.hiberus.com\/crecemos-contigo\/wp-content\/uploads\/2024\/12\/Next-Digital-Imbisa-01-360x184.jpg 360w\" sizes=\"auto, (max-width: 700px) 100vw, 700px\" \/><\/p>\n<p><strong>\u00bfQu\u00e9 factores crees que impulsan a las empresas a migrar a una nube p\u00fablica?<\/strong><\/p>\n<p><strong>Ricardo Blecua (IMBISA): <\/strong>Hay muchos factores que pueden ser importantes para esto. Evidentemente, en cualquier empresa el primer factor siempre va a ser el coste. Siempre, siempre va a ser el coste. Y como director, pues lo primero que tienes que hacer es vigilar que nuestro presupuesto se cumpla. Pero, dentro de esto, hay m\u00e1s resultados t\u00e9cnicos que tenemos que vigilar.<\/p>\n<p>Por ejemplo, para la nube p\u00fablica es muy importante tener una facilidad de administraci\u00f3n. Generalmente, para el departamento de sistemas de una empresa, el migrar una aplicaci\u00f3n que est\u00e1 on premise, moverla a la nube supone un reto. Supone un reto de informaci\u00f3n, de trabajo y dem\u00e1s. Esto es un factor que tenemos que tener muy en cuenta. En mi caso en particular, el tema legal es tremendamente importante. Para m\u00ed, no solo me aplican todas las ISOS y dem\u00e1s, sino que me aplica legislaci\u00f3n muy estricta que viene tanto del Banco Central Espa\u00f1ol como del Banco Central Europeo. Entonces esta legislaci\u00f3n yo tengo que respetarla, tengo que seguirla, y en mi caso me obligan a que determinados datos no puedan salir a la nube. Por lo tanto, yo tengo que ser muy cuidadoso con lo que puede sacar ah\u00ed fuera.<\/p>\n<p>M\u00e1s cosas que pueden ser beneficiosas y que pueden ser interesantes: flexibilidad.<\/p>\n<p><strong>En vuestro caso, que ten\u00e9is un entorno cr\u00edtico por la informaci\u00f3n que trabaj\u00e1is, etc\u00e9tera, \u00bfqu\u00e9 pod\u00e9is llevar al cloud, qu\u00e9 os hab\u00e9is planteado llevar? \u00bfQu\u00e9 pod\u00e9is hacer en este aspecto?<\/strong><\/p>\n<p><strong>Ricardo Blecua (IMBISA): <\/strong>En nuestro caso, la salida al cloud nos la planteamos con la pandemia. Me imagino que como muchas empresas. Cuando fue la pandemia, nosotros no ten\u00edamos pr\u00e1cticamente nada en la nube. Pr\u00e1cticamente no: no ten\u00edamos nada en la nube, y con bastante rapidez tuvimos que montarnos una infraestructura m\u00ednima para que la gente pudiese trabajar en sus casas.<\/p>\n<p>Esto fue un reto porque en muy poco tiempo tuvimos que ponernos en marcha, as\u00ed que optamos por herramientas lo m\u00e1s est\u00e1ndares posible que estuviesen en la nube, tipo SharePoint, tipo correo electr\u00f3nico y similares. Luego, a partir de all\u00ed, despu\u00e9s de haber sido muy cuidadosos viendo qu\u00e9 informaci\u00f3n pod\u00edamos sacar, hemos estado estudiando para sacar otras aplicaciones diferentes. Por ejemplo, estamos pensando sacar nuestro ERP, pero tenemos las implicaciones legales que te he comentado y aparte nos estamos encontrando con unos problemas importantes de costos. Que es el gran problema que tiene la nube, que tiene much\u00edsimos costos ocultos y abaratar no es posible en algunas circunstancias. Entonces, estamos ponderando y viendo a ver si nos merece la pena meternos en esto o no.<\/p>\n<p><strong>\u00bfCu\u00e1les dir\u00edais que son los mayores desaf\u00edos a los que se enfrenta una organizaci\u00f3n durante el proceso de migraci\u00f3n a la nube?<\/strong><\/p>\n<p><strong>Ricardo Blecua (IMBISA): <\/strong>Nosotros, cuando nos hemos tenido que enfrentar a esto, lo m\u00e1s importante ha sido, desde mi punto de vista, planificarlo todo muy bien. Es important\u00edsimo tener una buena planificaci\u00f3n. Si no planificamos, vamos a tener costes de servicio, vamos a tener dolores grandes por parte de los usuarios y vamos generar muchos problemas. Entonces lo m\u00e1s importante, desde mi punto de vista, es una buena planificaci\u00f3n. Tambi\u00e9n tener muy contemplado los costos. La parte de seguridad, fundamental. Y por \u00faltimo, hay que tener al personal muy bien formado porque con absoluta certeza va a haber cambios organizativos importantes en la compa\u00f1\u00eda. Y, si la gente se lo encuentra por sorpresa, pues van a tener problemas. Vamos a tener costes, much\u00edsimas quejas, y no es esto lo que queremos.<\/p>\n<p><strong>Rub\u00e9n Rold\u00f3n (hiberus): <\/strong>Yo aqu\u00ed creo que, como en casi todas las preguntas que hagamos, voy a coincidir con Ricardo. El tema de c\u00f3mo migran las empresas de cloud, estuvimos la semana pasada en un evento que hicimos aqu\u00ed en Zaragoza con Amazon Web Services de la mano. Recuerdo que el arquitecto de Amazon contaba la paradoja de c\u00f3mo construyen las empresas cuando se van al cloud, esa migraci\u00f3n que hacen, ese viaje. El s\u00edmil es una casa: un arquitecto, cuando hace una casa, tiene muy claro la estructura de la casa, tiene muy claro c\u00f3mo hace toda la estructura de la vivienda, y luego vas construyendo todo lo dem\u00e1s. Pues hablaba de que los arquitectos cloud muchas veces empiezan a hacer cosas y, despu\u00e9s de haber terminado partes de lo que han construido, pues dicen: \u00abahora vamos a cambiar esto\u00bb, \u00abahora vamos a meter esto otro\u00bb.<\/p>\n<p>Imag\u00ednate que tener una casa despu\u00e9s de construirla dices: \u00abahora c\u00e1mbiame el ba\u00f1o de sitio\u00bb, \u00abahora la cocina un poco m\u00e1s grande\u00bb. Son cosas que no nos planteamos. Entonces, esa planificaci\u00f3n que comentaba Ricardo es s\u00faper importante: tener muy claro cu\u00e1les son los objetivos, d\u00f3nde estamos y qu\u00e9 queremos conseguir.<\/p>\n<blockquote>\n<p style=\"text-align: left;\">\u00abEs important\u00edsimo tener una buena planificaci\u00f3n. Si no planificamos, vamos a tener costes de servicio, vamos a tener dolores grandes por parte de los usuarios y vamos generar muchos problemas\u00bb. &#8211; Ricardo Blecua (IMBISA)<\/p>\n<\/blockquote>\n<p><strong>A nivel de seguridad,\u00a0 \u00bftambi\u00e9n consideras valorable el cloud?<\/strong><\/p>\n<p><strong>Rub\u00e9n Rold\u00f3n (hiberus): <\/strong>S\u00ed, totalmente. Las empresas de los cloud p\u00fablicos se dejan unas cantidades de dinero que ser\u00edan impensables para cualquier otra empresa en temas de seguridad. Pero, cuando nos vamos al cloud, hay un un falso mito que algunas empresas creen de: \u00abya estoy seguro porque estoy en el cloud\u00bb, y es todo lo contrario. Es decir, t\u00fa por subir al cloud no est\u00e1s m\u00e1s seguro, est\u00e1s m\u00e1s seguro si usas la seguridad del cloud y la usas bien. Entonces, es un punto que hay que tener muy en cuenta, y que a veces no se le da el peso que se le deber\u00eda dar.<\/p>\n<p><strong>Ricardo Blecua (IMBISA): <\/strong>Con el tema de la seguridad, uno de los temas que m\u00e1s me ha tocado a m\u00ed es el tema del propietario del dato y asegurar d\u00f3nde est\u00e1. A m\u00ed por mi normativa se me proh\u00edbe sacar determinados tours fuera de la Uni\u00f3n Europea y he tenido que ser extremadamente meticuloso con esto para garantizar que nada se va fuera. Ha habido que hablar con los proveedores para esto, ha sido complicado. Y yo me imagino que dentro de no mucho van a empezar a exigirme que determinados datos est\u00e9n en Espa\u00f1a. Con lo cual, bueno, pues tendremos que lucharlo con el proveedor para que nos lo haga bien.<\/p>\n<p><strong>Rub\u00e9n Rold\u00f3n (hiberus): <\/strong>\u00bfY hablas de Espa\u00f1a, y no de Europa?<\/p>\n<p><strong>Ricardo Blecua (IMBISA): <\/strong>Hablo de Espa\u00f1a. S\u00ed, porque de hecho ya se est\u00e1 empezando a construir un CPD general en Burgos para todos los aspectos gubernamentales, en el cual se est\u00e1 creando una nube para entidades estatales, as\u00ed que va a ser muy posible que dentro de un tiempo empecemos a mover all\u00ed cosas para asegurar ese control del dato, de la informaci\u00f3n y la soberan\u00eda de datos.<\/p>\n<blockquote>\n<p style=\"text-align: left;\">\u00abCuando nos vamos al cloud, hay un un falso mito que algunas empresas creen de: <em>ya estoy seguro porque estoy en el cloud<\/em>, y es todo lo contrario. Es decir, t\u00fa por subir al cloud no est\u00e1s m\u00e1s seguro, est\u00e1s m\u00e1s seguro si usas la seguridad del cloud y la usas bien\u00bb. &#8211; Rub\u00e9n Rold\u00f3n (hiberus)<\/p>\n<\/blockquote>\n<p><strong>\u00bfQu\u00e9 fases recomend\u00e1is seguir para asegurar una transici\u00f3n sin interrupciones? \u00bfQu\u00e9 consider\u00e1is que es prioritario migrar a nivel de sistemas o servicios?<\/strong><\/p>\n<p><strong>Ricardo Blecua (IMBISA): <\/strong>Tengo que insistir en esto: planificaci\u00f3n, planificaci\u00f3n, planificaci\u00f3n. Hay que llevarlo todo enormemente bien documentado, hay que saber muy bien lo que se va a hacer. El personal tiene que tener muy claro qu\u00e9 tareas va a tener que hacer, sobre todo en la fase de migraci\u00f3n. Y hay que tambi\u00e9n preparar muy bien a toda la gente que va a seguir utilizando estos sistemas. Esto es absolutamente cr\u00edtico.<\/p>\n<p><strong>Rub\u00e9n Rold\u00f3n (hiberus): <\/strong>Totalmente, ser\u00eda totalmente lo mismo. Lo \u00fanico que las fases o las prioridades creo que ser\u00eda lo l\u00f3gico empezar con los sistemas, que sean menos cr\u00edticos e ir uno a uno viendo que va todo funcionando perfectamente. Aprovechar eso tambi\u00e9n para esa formaci\u00f3n que est\u00e1bamos hablando, tanto de la parte interna de la compa\u00f1\u00eda como de los usuarios. Luego pasar a sistemas m\u00e1s intermedios y que la \u00faltima fase sean los sistemas cr\u00edticos, para ir adaptando poco a poco ese cambio.<\/p>\n<p><strong>Porque, \u00bfpens\u00e1is que muchas veces esta gesti\u00f3n del cambio dentro de las empresas es algo que cuesta? Hay que trabajarlo de una forma especial, entiendo.\u00a0<\/strong><\/p>\n<p><strong>Rub\u00e9n Rold\u00f3n (hiberus): <\/strong>Es que, claro, la teor\u00eda ya est\u00e1 escrita de c\u00f3mo se hacen estas migraciones y cu\u00e1l es el camino correcto. Pero muchas veces las empresas hacen este cambio tambi\u00e9n por terceros o por terceras opciones, que no tiene nada que ver con que sea el momento apropiado. \u00abSe me caduca la garant\u00eda de los servidores que tengo, voy a hacer corriendo el cambio\u00bb. Y de repente nos encontramos que tengo que migrar a cloud. Lo de la pandemia fue un cambio brutal, un mont\u00f3n de empresas que no trabajaban en cloud empezaron a trabajar en cloud pr\u00e1cticamente en semanas.<\/p>\n<p>Cuando el cambio se hace as\u00ed, s\u00ed que es cierto que luego detr\u00e1s se quedan unas consecuencias, un control de costes que no est\u00e1 controlado, los cambios que hablaba de \u00abahora el ba\u00f1o lo quiero m\u00e1s grande\u00bb, pues ese tipo de cosas. Que se pueden ir trabajando, en muchas empresas hacen el cambio as\u00ed y luego lo van adoptando. Pero lo ideal es esa planificaci\u00f3n y dedicar mucho tiempo a ella.<\/p>\n<p><strong>Ricardo Blecua (IMBISA): <\/strong>En nuestro caso, cuando pasamos a la nube, los pocos servicios que tenemos nosotros, a la gente le cost\u00f3 much\u00edsimo tiempo aprender a manejar los nuevos servicios. \u00bfPor qu\u00e9? Pues porque, como ha dicho Rub\u00e9n, lo tuvimos que hacer con mucha rapidez. Tuvimos que ser muy flexibles y trabajar r\u00e1pido. Pero claro, eso en gente que est\u00e1 acostumbrada a trabajar con tecnolog\u00eda puedes asimilarlo con cierta rapidez, pero en otros departamentos que no est\u00e1n tan acostumbrados, es un cambio muy importante y les supuso un dolor. Luego la gente, evidentemente, pues colabora, le pone ganas y, poco a poco, se van metiendo dentro del proceso nuevo. Pero puede ser complicado.<\/p>\n<p><strong>\u00bfY cu\u00e1les dir\u00edais que son los pros y los contras del in-house?<\/strong><\/p>\n<p><strong>Ricardo Blecua (IMBISA): <\/strong>Bueno, el in-house te permite tener todo muy controlado. Trabajar con sistemas on premise te permite tener controlado tu entorno. Generalmente, los administradores que te gestionan la plataforma se la conocen muy bien, se la conocen al dedillo y por lo tanto pueden trabajar r\u00e1pidamente con ella para para arreglarla. Esto son dos ventajas importantes. Claro, tiene otras desventajas. Es mucho m\u00e1s dif\u00edcil mantenerse al d\u00eda de la innovaci\u00f3n tecnol\u00f3gica, ciertas partes de parches de software y dem\u00e1s pueden ser un problema, &#8230;<\/p>\n<p><strong>Rub\u00e9n Rold\u00f3n (hiberus): <\/strong>Aqu\u00ed, como pros, el principal es el tema que habl\u00e1bamos antes: la soberan\u00eda de la infraestructura. Es tuya. Los datos est\u00e1n en tus instalaciones y puedes hacer con ellos lo que quieras. Yo creo que eso est\u00e1 clara. El tema de la seguridad y la privacidad. Y es que todo lo dem\u00e1s, s\u00ed creo que, bien adoptado, el cloud tiene muchas m\u00e1s ventajas. Es totalmente escalable, tienes todas las \u00faltimas tecnolog\u00edas siempre aplicadas para ti, tienes un mont\u00f3n de servicios que te facilitan cosas. Pero bueno, yo aqu\u00ed s\u00ed que me quedar\u00eda, sobre todo, con el tema de soberan\u00eda y seguridad.<\/p>\n<p><img loading=\"lazy\" decoding=\"async\" class=\"aligncenter wp-image-45645\" src=\"https:\/\/www.hiberus.com\/crecemos-contigo\/wp-content\/uploads\/2024\/12\/Next-Digital-Imbisa-04-scaled.jpg\" alt=\"Ricardo Blecua y M\u00f3nica Gim\u00e9nez\" width=\"700\" height=\"488\" srcset=\"https:\/\/www.hiberus.com\/crecemos-contigo\/wp-content\/uploads\/2024\/12\/Next-Digital-Imbisa-04-scaled.jpg 2560w, https:\/\/www.hiberus.com\/crecemos-contigo\/wp-content\/uploads\/2024\/12\/Next-Digital-Imbisa-04-300x209.jpg 300w, https:\/\/www.hiberus.com\/crecemos-contigo\/wp-content\/uploads\/2024\/12\/Next-Digital-Imbisa-04-1024x714.jpg 1024w, https:\/\/www.hiberus.com\/crecemos-contigo\/wp-content\/uploads\/2024\/12\/Next-Digital-Imbisa-04-768x536.jpg 768w, https:\/\/www.hiberus.com\/crecemos-contigo\/wp-content\/uploads\/2024\/12\/Next-Digital-Imbisa-04-1536x1071.jpg 1536w, https:\/\/www.hiberus.com\/crecemos-contigo\/wp-content\/uploads\/2024\/12\/Next-Digital-Imbisa-04-2048x1429.jpg 2048w, https:\/\/www.hiberus.com\/crecemos-contigo\/wp-content\/uploads\/2024\/12\/Next-Digital-Imbisa-04-360x251.jpg 360w\" sizes=\"auto, (max-width: 700px) 100vw, 700px\" \/><\/p>\n<p><strong>\u00bfCu\u00e1les consider\u00e1is que son las principales ventajas de mover ciertos servicios o sistemas a la nube? Y en concreto, para una empresa con requisitos t\u00e9cnicos cr\u00edticos, por decirlo as\u00ed.<\/strong><\/p>\n<p><strong>Ricardo Blecua (IMBISA): <\/strong>Sobre todo la flexibilidad. La flexibilidad que te da a la hora de montar servicios y dem\u00e1s es muy grande, y eso te permite jugar con ventaja en determinados aspectos. El poder montar servidores en cuesti\u00f3n de horas, cuando antes era necesario acudir al departamento de compras, un proceso largo. Eso cambia mucho las reglas del juego. Esta flexibilidad es muy buena y muy c\u00f3moda.<\/p>\n<p>Si eres bueno gestionando costes tambi\u00e9n puede estar bien, pero hay que ser muy cuidadoso con esto. Si lo gestionas muy bien, perfecto. Puedes meter todo en tu presupuesto y lo llevas muy bien. Pero la nube en general tiene muchos costes ocultos y hay que ser meticuloso con esto. Si lo eres, fenomenal, es una gran ventaja. Si no, puedes tener un problema.<\/p>\n<p><strong>Rub\u00e9n Rold\u00f3n (hiberus): <\/strong>Totalmente. S\u00ed, s\u00ed, si resumimos en palabras: la flexibilidad, que puedes crecer y crecer como te d\u00e9 la gana, la alta disponibilidad y la seguridad.<\/p>\n<p>Que s\u00ed que es verdad que tienes un mont\u00f3n de opciones, que si las quieres hacer t\u00fa en casa tiene unos costes muy elevados. Y yo aqu\u00ed s\u00ed que estoy de acuerdo con Ricardo, pero s\u00ed que es verdad que, esto muy bien planteado y muchas veces incluso haciendo una migraci\u00f3n, sino tambi\u00e9n haciendo una modernizaci\u00f3n de aplicaciones, los costes se pueden reducir de forma muy sensible, Lo que pasa es que plante\u00e1ndolo muy bien. O sea, \u00abtodo para el cloud, todo m\u00e1s barato\u00bb. No, no, no es tan simple. Pero s\u00ed que tambi\u00e9n veo una reducci\u00f3n de costes si las cosas se plantean bien.<\/p>\n<p><strong>Ricardo Blecua (IMBISA): <\/strong>Y hay que tener en cuenta tambi\u00e9n que un CPD tiene costes aparejados, no nos enga\u00f1emos, que tambi\u00e9n est\u00e1n ocultos, s\u00ed. Pero, por ejemplo, hay unos costes de climatizaci\u00f3n que pueden ser importantes, los costes de electricidad, l\u00edneas de datos y dem\u00e1s. Estos costes pueden ser importantes. Evidentemente depende mucho de la compa\u00f1\u00eda, pero gestionar un CPD y mantenerlo no es barato, no es barato ni es sencillo.<\/p>\n<p><strong>Rub\u00e9n Rold\u00f3n (hiberus): <\/strong>Y hay un coste que casi nunca se mide, que es el departamento de IT que se encarga de esas operaciones del d\u00eda a d\u00eda, esos parches de sistemas operativos, esas integraciones. Al final muchas veces dices: \u00abyo, si tengo la infraestructura en mi casa, me gasto un mill\u00f3n de euros en comprar servidores, cabinas y lo que me haga falta y ya est\u00e1\u00bb. Ya, bueno, pero ya la luz no la tenemos en cuenta. Los gastos de climatizaci\u00f3n, los contratos de mantenimiento a\u00f1adidos, y luego toda la gente que opera todo ello.<\/p>\n<p><strong>Ricardo Blecua (IMBISA): <\/strong>Esto depende mucho de la estrategia que quieras llevar en la empresa. Si la empresa quiere llevar una estrategia de subcontrataci\u00f3n, atacar a la nube es maravilloso porque te permite subcontratar los servicios administraci\u00f3n fuera, sin ning\u00fan tipo de problema, y es un modelo que funciona bien. Pero claro, eso depende ya de lo que quiere hacer la compa\u00f1\u00eda. Si quiere tener el personal interno, quiere tenerlo externo o el modelo que quiera seguir.<\/p>\n<blockquote>\n<p style=\"text-align: left;\">\u00abLa flexibilidad que te da cloud a la hora de montar servicios es muy grande: el poder montar servidores en cuesti\u00f3n de horas, cuando antes era necesario acudir al departamento de compras, un proceso largo, &#8230; Eso cambia mucho las reglas del juego\u00bb. &#8211; Ricardo Blecua (IMBISA)<\/p>\n<\/blockquote>\n<p><strong>\u00bfY qu\u00e9 factores consider\u00e9is que hay que tener en cuenta para decidir qu\u00e9 sistemas se migran al cloud o no se migran? Hab\u00e9is ido mencionando alguna cosa, igual empezar por los sistemas menos cr\u00edticos, etc\u00e9tera. Pero claro, \u00bfc\u00f3mo se decide qu\u00e9 se queda aqu\u00ed, qu\u00e9 se queda all\u00e1, &#8230;?<\/strong><\/p>\n<p><strong>Ricardo Blecua (IMBISA): <\/strong>En mi caso fue una soluci\u00f3n. Fue la urgencia lo que lo decidi\u00f3, que no es lo que m\u00e1s me gusta. Evidentemente no es el entorno \u00f3ptimo para poder hacer esto. Pero nuestro caso fue la urgencia. El decir: \u00abmira, tenemos una pandemia encima y hay que empezar a mandar a la gente a su casa\u00bb. Entonces, tuvimos que decidir qu\u00e9 servicios eran los m\u00ednimos que nos permit\u00edan cumplir con nuestra legalidad y permitir que la gente fuese trabajando. S\u00ed que es cierto que empezamos, como dice Rub\u00e9n, por los servicios menos cr\u00edticos. Movimos a un correo electr\u00f3nico, movimos a algunas carpetas compartidas, cosas de este estilo que son relativamente sencillas y poco cr\u00edticas. No quisimos mover cosas m\u00e1s complicadas porque para entonces, por ejemplo, RISE with SAP ya estaba funcionando. Pod\u00edamos habernos planteado hacer alg\u00fan movimiento, pero no: empezamos por lo m\u00e1s sencillo, por lo m\u00e1s necesario y lo m\u00e1s r\u00e1pido, que nos permitiese sacar algo a la luz. Y luego, cuando estuvi\u00e9semos un poquito estables, ver\u00edamos a ver si era necesario sacar algo m\u00e1s o no. Pero, lo dicho, en nuestro caso, fue la urgencia lo que lo decidi\u00f3.<\/p>\n<p><strong>Rub\u00e9n Rold\u00f3n (hiberus): <\/strong>S\u00ed, yo las prioridades ya las he marcado antes. Lo que tambi\u00e9n, y un poco por remarcar, muchas veces est\u00e1 el debate este de si el cloud es mejor o es peor. Yo creo que lo mejor, al final, es aprovecharse de lo mejor de ambos mundos. No hay una cosa que valga siempre para todo y sea maravillosa para todo, una que sea buena o mala para todo. Entonces yo creo que tambi\u00e9n pensar en esa hibridaci\u00f3n, que estoy casi convencido de que es un poco lo que va a tener el futuro, e incluso soluciones que ya existen, que nosotros ya estamos aplicando aqu\u00ed, que es un poco el \u00abpodemos llevar el cloud a tu datacenter\u00bb. Porque, al final, cuando hablamos de in-house, si ya operas las infraestructuras como si estuvieras en cloud, al final es un poco trasladar la misma operativa y las mismas ventajas, pero con las ventajas tambi\u00e9n de estar en casa.<\/p>\n<p>Y lo mismo para temas de desborde, para temas de ampliaciones. No tiene que ser una soluci\u00f3n u otra. Yo creo que tambi\u00e9n hay que estudiar, en cada momento, qu\u00e9 es lo que mejor encaja. Y luego el tema de costes, que tambi\u00e9n es important\u00edsimo tenerlo en cuenta, tenerlo controlado.<\/p>\n<blockquote>\n<p style=\"text-align: left;\">\u00abMuchas veces est\u00e1 el debate este de si el cloud es mejor o es peor. Yo creo que lo mejor, al final, es aprovecharse de lo mejor de ambos mundos. No hay una cosa que valga siempre para todo y sea maravillosa para todo, una que sea buena o mala para todo. Hay pensar en esa hibridaci\u00f3n, que estoy casi convencido de que es el futuro.\u00bb &#8211; Rub\u00e9n Rold\u00f3n (hiberus)<\/p>\n<\/blockquote>\n<p><strong>Hablemos tambi\u00e9n un poquito de ciberseguridad. Al final, en los \u00faltimos a\u00f1os, ha habido mucha evoluci\u00f3n en este aspecto. \u00bfQu\u00e9 pens\u00e1is que hay que tener controlado, a nivel de tendencias?<\/strong><\/p>\n<p><strong>Ricardo Blecua (IMBISA): <\/strong>En primer lugar, desde el punto de vista la ciberseguridad, el mayor problema que tenemos es la concienciaci\u00f3n del trabajador. El trabajador tiene que ser tremendamente consciente de que est\u00e1 trabajando en un entorno que tiene sus peligros. No voy a decir que esto sea una jungla, pero s\u00ed que hay peligros que nos pueden caer por cualquier sitio. En nuestro caso, la mayor parte de las amenazas nos entran por correo electr\u00f3nico. La inmensa mayor\u00eda de las amenazas nos entran por correo electr\u00f3nico. Por otros medios puede entrar alguna cosita alguna vez, muy raramente. Pero yo dir\u00eda que el 95% de los problemas de ciberseguridad que hemos tenido han venido por un correo electr\u00f3nico que alguien ha abierto sin tenerlo que abrir.<\/p>\n<p>S\u00ed que es cierto que van a venir otras cosas. Por ejemplo, yo estoy convencido de que el Internet de las cosas, el IoT y dem\u00e1s, con el tiempo va a coger much\u00edsima importancia en la parte de ciberseguridad. Va a ser un vector de ataque importante y vamos a tener all\u00ed problemas en el futuro. Hoy por hoy todav\u00eda no, por lo menos en mi caso, en otros casos no lo s\u00e9. Pero en el futuro estoy seguro de que vamos a tener jaleo.<\/p>\n<p>Tambi\u00e9n vamos a tener mucha colaboraci\u00f3n con otras entidades. Yo estoy convencido de que cada vez va a haber m\u00e1s colaboraci\u00f3n entre diferentes entidades para luchar contra hackers y dem\u00e1s, y es algo que s\u00e9 que va a pasar seguro. Y vamos a tener tambi\u00e9n que hacer un ejercicio importante para hacer una concienciaci\u00f3n social, no solamente de los trabajadores de nuestra empresa, sino de todo el p\u00fablico en general que tienen que saber que Internet no es un mundo tranquilo y agradable, sino que puede tener sus problemas y que puede tener sus riesgos.<\/p>\n<p><strong>Rub\u00e9n Rold\u00f3n (hiberus): <\/strong>S\u00ed, s\u00ed, totalmente. Los cambios que, no digo que vamos a ver, sino que ya estamos viendo: el nivel de ataques a las empresas se ha multiplicado en los \u00faltimos a\u00f1os, pero adem\u00e1s va a una velocidad que es totalmente exponencial y cada vez es peor. La inteligencia artificial para esto es magia, para \u00ablos malos\u00bb, por decirlo de una forma, que pueden automatizar un mont\u00f3n de procesos de: \u00aboye, yo ya conozco que existe este bug en este sistema. Puedo intentar atacar a miles de sistemas pr\u00e1cticamente automatizando esos servicios\u00bb.<\/p>\n<p>Vi\u00e9ndolo desde el lado bueno de c\u00f3mo pueden aplicar la IA, nosotros siempre contamos, en el mundo de ciber, que las empresas, cuando hablan de sus centros de seguridad, siempre piensan en un shock: en un centro de seguridad, con un mont\u00f3n de gente viendo alertas. \u00abEsta alerta, como es muy grave, pues la escalo. Esta la quito porque no tiene ning\u00fan problema. Esta simplemente la dejo en cuarentena\u00bb. Todos esos procesos hoy en d\u00eda se pueden automatizar y, donde hab\u00eda shocks con 60 personas, pr\u00e1cticamente puedes dejar un sistema con gente de nivel un poco m\u00e1s avanzado, con tres o cuatro perfiles, haciendo lo mismo que hac\u00edan antes 60 personas, porque puede haber una inteligencia artificial haciendo esas labores y, adem\u00e1s, haci\u00e9ndolas pr\u00e1cticamente sin errores, de forma mucho m\u00e1s \u00e1gil, de forma mucho m\u00e1s r\u00e1pida.<\/p>\n<p>Claro, esto est\u00e1 para el lado bueno y para el lado malo que yo creo que va a ser el principal cambio que vamos a ver.<\/p>\n<p><strong>Ricardo Blecua (IMBISA): <\/strong>Y eso, adem\u00e1s, exige una formaci\u00f3n muy importante por parte de quien vaya a administrar estos sistemas, y es una formaci\u00f3n que hoy en d\u00eda no est\u00e1 al alcance de todo el mundo porque no hay cursos hoy mismo de IA, por lo menos no son cursos que est\u00e9n que los puedas conseguir en cualquier sitio.<\/p>\n<p><img loading=\"lazy\" decoding=\"async\" class=\"aligncenter wp-image-45643\" src=\"https:\/\/www.hiberus.com\/crecemos-contigo\/wp-content\/uploads\/2024\/12\/Next-Digital-Imbisa-05-1024x593.jpg\" alt=\"Ricardo Blecua, M\u00f3nica Gim\u00e9nez y Rub\u00e9n Rold\u00f3n\" width=\"700\" height=\"405\" srcset=\"https:\/\/www.hiberus.com\/crecemos-contigo\/wp-content\/uploads\/2024\/12\/Next-Digital-Imbisa-05-1024x593.jpg 1024w, https:\/\/www.hiberus.com\/crecemos-contigo\/wp-content\/uploads\/2024\/12\/Next-Digital-Imbisa-05-300x174.jpg 300w, https:\/\/www.hiberus.com\/crecemos-contigo\/wp-content\/uploads\/2024\/12\/Next-Digital-Imbisa-05-768x444.jpg 768w, https:\/\/www.hiberus.com\/crecemos-contigo\/wp-content\/uploads\/2024\/12\/Next-Digital-Imbisa-05-1536x889.jpg 1536w, https:\/\/www.hiberus.com\/crecemos-contigo\/wp-content\/uploads\/2024\/12\/Next-Digital-Imbisa-05-2048x1185.jpg 2048w, https:\/\/www.hiberus.com\/crecemos-contigo\/wp-content\/uploads\/2024\/12\/Next-Digital-Imbisa-05-360x208.jpg 360w\" sizes=\"auto, (max-width: 700px) 100vw, 700px\" \/><\/p>\n<p><strong>Ya que ha salido el tema de la inteligencia artificial, \u00bfc\u00f3mo pens\u00e1is que puede transformar la manera en la que est\u00e1n operando las empresas? No solamente hablando en cuanto a ciberseguridad, sino un poco en todos los procesos a nivel tecnol\u00f3gico.<\/strong><\/p>\n<p><strong>Ricardo Blecua (IMBISA): <\/strong>Yo creo que en el futuro lo que vamos a ver va a ser una agentizaci\u00f3n de las IAs, o sea, una especializaci\u00f3n de las IAs para entornos muy espec\u00edficos que cada empresa puede necesitar. S\u00ed que es cierto que va a haber inteligencias artificiales, tipo Copilot y dem\u00e1s, de uso general, que las vamos a utilizar para tareas casi, digamos, de secretariado o tareas de manejo de documentaci\u00f3n m\u00e1s o menos b\u00e1sicas.<\/p>\n<p>Pero el principal uso para la empresa tiene que venir por una especializaci\u00f3n de las inteligencias artificiales para que puedan atacar directamente a los problemas que pueda tener cada empresa. Por ejemplo, lo que comentaba antes Rub\u00e9n, el de tener una IA que ataque un shock y que se encargue de revisar lo que est\u00e1 pasando all\u00ed, es un uso realmente estupendo. Es muy obvio y viene muy de la mano. Como estos va a haber muchos como estos.<\/p>\n<p><strong>Rub\u00e9n Rold\u00f3n (hiberus):<\/strong> No a nivel de ciber, sino lo que es a nivel empresarial, es que creo que puede cambiar un mont\u00f3n de profesiones y, adem\u00e1s, creo que lo vamos a ver a corto plazo. Hay una noticia que le\u00ed la semana pasada que pon\u00eda que el 25%, por ejemplo, del c\u00f3digo que generaba Google, ya lo generaban con inteligencia artificial generativa. Es que ya es algo tangible. Es decir, donde antes hab\u00eda cinco personas programando, ahora con cuatro haces exactamente lo mismo. Es que esto va a pasar en casi todos los sectores.<\/p>\n<p><strong>Ricardo Blecua (IMBISA): <\/strong>S\u00ed, todo el an\u00e1lisis de grandes cantidades de datos y dem\u00e1s, esto las IAs lo van a masticar con una facilidad enorme. Analizar tendencias que nosotros mismos no nos dar\u00edamos cuenta en la revisi\u00f3n de estos datos. Esto es algo que ya est\u00e1 pasando y que va a seguir pasando en el futuro y esto va a crecer Entonces, lo que dice Rub\u00e9n, a m\u00ed me cuesta saber c\u00f3mo va a estar esto dentro de cinco a\u00f1os. A m\u00ed me dicen hace cinco a\u00f1os que iba a poder preguntarle a una m\u00e1quina, que me generase una imagen con cualquier tonter\u00eda que se me ocurriera, y me lo iba a dar, y yo digo: \u00abesto es ciencia ficci\u00f3n completamente\u00bb. As\u00ed que, dentro de cinco a\u00f1os, yo qu\u00e9 s\u00e9 lo que voy a tener, pues no lo s\u00e9.<\/p>\n<p><strong>Es algo bastante impredecible ahora mismo, \u00bfverdad? El ritmo que lleva la IA.<\/strong><\/p>\n<p><strong>Rub\u00e9n Rold\u00f3n (hiberus):<\/strong> Y siempre hablamos de lo que va a llegar a hacer, pero ya est\u00e1n pasando cosas. Una app de estas de, por ejemplo, traducciones simult\u00e1neas, hablaban de que hab\u00edan despedido a un porcentaje alt\u00edsimo de todos los traductores porque ya se pod\u00eda hacer con IA. Es decir, cu\u00e1ntos sectores ya est\u00e1n pasando cosas que a lo mejor no somos muy conscientes porque no est\u00e1s dentro del sector, pero ya est\u00e1n pasando.<\/p>\n<p><strong>Ricardo Blecua (IMBISA): <\/strong>Un problema que hay con esto es que hay que tener mucho cuidado con la calidad de las respuestas que nos est\u00e1 dando la inteligencia artificial. Porque s\u00ed que es cierto que, en el caso de las traducciones, en algunos casos lo hace muy bien, pero en otros el resultado que da no es tan bueno como deber\u00eda ser. En este respecto, hoy por hoy todav\u00eda tenemos que seguir revisando qu\u00e9 resultados nos da y garantizar que son correctos.<\/p>\n<p>\u00bfQue dentro de tres a\u00f1os pueda ser al contrario? Pues seguramente s\u00ed, pero, ahora mismo, yo no me fiar\u00eda al 100% de los resultados de la IA en ning\u00fan campo.<\/p>\n<p><strong>Rub\u00e9n Rold\u00f3n (hiberus):<\/strong> Totalmente, tiene mucha imaginaci\u00f3n.<\/p>\n<p><strong>Ricardo Blecua (IMBISA): <\/strong>Entonces, siempre va a ser necesario tener un control humano sobre esto, yo por lo menos lo veo muy claro, que vamos a necesitar este tipo de control, pero no creo que vayamos a tener que soltarnos, en absoluto.<\/p>\n<p><strong>Recientemente IMBISA ha realizado un cambio importante en su centro de procesamiento de datos, en vuestro CPD. \u00bfCu\u00e1les han sido los mayores retos en este proceso? <\/strong><\/p>\n<p><strong>Ricardo Blecua (IMBISA): <\/strong>No es que hayamos cambiado el CPD, es que hemos hecho una planta nueva, y hacer una planta nueva es un reto importante para toda la compa\u00f1\u00eda y para el Departamento de Sistemas, evidentemente, tambi\u00e9n. Yo lo primero que tengo que decir, para quien se quiera meter en esto, quien tenga que meterse en esto, es que se prepare, porque va a tener much\u00edsimo, much\u00edsimo, much\u00edsimo trabajo. Dicho lo cual, lo primero que tengo que decir es que planifiquen muy bien todo el trabajo que van a realizar. S\u00e9 que lo he dicho 50 veces ya a lo largo de la entrevista, pero es muy importante que lo planifiquen muy bien.<\/p>\n<p>En nuestro caso ha sido, no voy a decir que ha sido f\u00e1cil planificarlo, pero s\u00ed que es cierto que hemos tenido m\u00e1s tiempo del que podr\u00eda haber en una empresa privada, porque, mientras avanzamos los procesos de contrataci\u00f3n, que en una empresa p\u00fablica son lentos, t\u00e9cnicamente hablando nosotros hemos podido avanzar de forma que hemos llegado a los puntos finales con esta tarea bastante bien trabajada. Pero, lo dicho, es muy importante que la planificaci\u00f3n sea lo m\u00e1s exhaustiva posible para evitar que en el \u00faltimo momento puedan surgir problemas.<\/p>\n<p>Y otro punto que es muy importante, que por lo menos para nosotros lo ha sido, es trabajar con proveedores de confianza. Dentro de un departamento de sistemas, es imposible tener todo el conocimiento de inform\u00e1tica que puede haber en el mundo. Es absolutamente imposible porque tendr\u00edamos que tener un departamento de cientos de personas. Y claro, esto en una empresa de 300, 500 personas como puede ser la nuestra, es completamente imposible. Por lo tanto, es muy necesario contar con un equipo de proveedores que te puedan resolver problemas espec\u00edficos de la tecnolog\u00eda que t\u00fa est\u00e1s utilizando, de las aplicaciones que t\u00fa est\u00e1s utilizando en el momento de la migraci\u00f3n.<\/p>\n<p>Entonces, contar con un parque de proveedores es importante. Nosotros, por ejemplo, en el momento en el que hicimos la mayor migraci\u00f3n de equipos desde el CPD de la FNMT hasta el de Vic\u00e1lvaro, ten\u00edamos seis proveedores trabajando con nosotros durante esas noches, que es una cantidad importante. Entonces, hay un trabajo grande de coordinaci\u00f3n de todos estos, que todo el mundo sepa lo que tiene que hacer y cu\u00e1ndo tiene que hacerlo. Es un trabajo importante, pero esto con buena planificaci\u00f3n y con un equipo que trabaje bien de proveedores y, por supuesto, con un departamento de sistemas que te respalde en los trabajos de core que podamos tener, se puede sacar bien.<\/p>\n<p><strong>Rub\u00e9n Rold\u00f3n (hiberus):<\/strong> Yo aqu\u00ed no puedo estar m\u00e1s de acuerdo. La selecci\u00f3n de proveedores es esencial, elegir bien tus compa\u00f1eros de camino y que sean empresas, al final, que lo hagan bien y que te ayuden en facilitarte las cosas.<\/p>\n<p><img loading=\"lazy\" decoding=\"async\" class=\"aligncenter wp-image-45647\" src=\"https:\/\/www.hiberus.com\/crecemos-contigo\/wp-content\/uploads\/2024\/12\/Next-Digital-Imbisa-03-1024x653.jpg\" alt=\"M\u00f3nica Gim\u00e9nez y Rub\u00e9n Rold\u00f3n\" width=\"700\" height=\"447\" srcset=\"https:\/\/www.hiberus.com\/crecemos-contigo\/wp-content\/uploads\/2024\/12\/Next-Digital-Imbisa-03-1024x653.jpg 1024w, https:\/\/www.hiberus.com\/crecemos-contigo\/wp-content\/uploads\/2024\/12\/Next-Digital-Imbisa-03-300x191.jpg 300w, https:\/\/www.hiberus.com\/crecemos-contigo\/wp-content\/uploads\/2024\/12\/Next-Digital-Imbisa-03-768x490.jpg 768w, https:\/\/www.hiberus.com\/crecemos-contigo\/wp-content\/uploads\/2024\/12\/Next-Digital-Imbisa-03-1536x980.jpg 1536w, https:\/\/www.hiberus.com\/crecemos-contigo\/wp-content\/uploads\/2024\/12\/Next-Digital-Imbisa-03-2048x1307.jpg 2048w, https:\/\/www.hiberus.com\/crecemos-contigo\/wp-content\/uploads\/2024\/12\/Next-Digital-Imbisa-03-360x230.jpg 360w\" sizes=\"auto, (max-width: 700px) 100vw, 700px\" \/><\/p>\n<p><strong>Antes hemos estado hablando un poco de la IA y c\u00f3mo puede ayudar a las empresas. No s\u00e9 si vosotros en IMBISA hab\u00e9is probado o est\u00e1is trabajando algo vinculado a la IA. <\/strong><\/p>\n<p><strong>Ricardo Blecua (IMBISA): <\/strong>Nosotros tenemos sistemas de machine learning funcionando dentro de IMBISA. Por contarlo muy r\u00e1pidamente, nosotros dentro de la compa\u00f1\u00eda tenemos que analizar que la calidad de todos los billetes sea correcta para sacarlos al mercado, para mand\u00e1rselos al Banco de Espa\u00f1a. Esto lo hacemos mediante unas m\u00e1quinas, que llamamos electoras, que trabajan con 40 billetes por segundo, que no est\u00e1 nada mal, y lo que hacen es hacer una serie de fotograf\u00edas tanto en el anverso como en el reverso y en diferentes longitudes de onda para ver que la calidad del billete es correcta.<\/p>\n<p>\u00bfC\u00f3mo garantizamos que estas fotograf\u00edas nos muestren que el billete est\u00e9 bien y que la m\u00e1quina sabe interpretarlas? Pues alimentamos a la m\u00e1quina con sets de billetes que s\u00ed que sabemos que est\u00e1n bien, que han sido revisados manualmente por personal de la compa\u00f1\u00eda. La m\u00e1quina estudia c\u00f3mo son estos billetes y luego compara esta imagen contra la imagen que est\u00e1 sacando de los billetes que pasan por las electoras. Y con esto sabemos que los billetes son buenos.<\/p>\n<p>Este proceso de entrenamiento de las electoras con set de billetes correctos hay que hacerlo cada cierto tiempo porque depende bastante de c\u00f3mo vaya la tirada, porque pueden aparecer defectos espec\u00edficos en algunos momentos, tipo repintados y cosas as\u00ed. Entonces, dependiendo de los defectos que estemos teniendo en un momento dado, analizamos si est\u00e1n dentro de la tolerancia y tenemos que reentrenar a estas electoras para asegurar que funcionan correctamente.<\/p>\n<p><strong>Interesante. \u00bfY hay alg\u00fan otro proceso o alguna otra cosa que os gustar\u00eda conseguir?<\/strong><\/p>\n<p><strong>Ricardo Blecua (IMBISA): <\/strong>A futuro s\u00ed. Porque s\u00ed que es cierto que estas electoras generan&#8230; T\u00fa imag\u00ednate, 40 billetes por segundo trabajando durante todo el a\u00f1o, la cantidad de datos que esto genera es bastante importante. Entonces, estos datos nos gustar\u00eda que en el futuro los pudi\u00e9semos analizar mediante una IA que nos permita ver tendencias que nosotros mismos nos estamos perdiendo. Son datos que ya analizamos, pero los estamos analizando mediante procesos cl\u00e1sicos. Entonces en el futuro nos gustar\u00eda poder dar un pasito m\u00e1s all\u00e1 y analizarlo mediante un ente, una IA, que nos diga qu\u00e9 es lo que est\u00e1 pasando ah\u00ed dentro y que nos muestre cosas que a nosotros se nos escapen.<\/p>\n<p><strong>Y sobre todo, tambi\u00e9n, la IA para prever esas tendencias y esos ataques m\u00e1s a nivel de ciberseguridad, entiendo que es algo tambi\u00e9n muy interesante de valorar.<\/strong><\/p>\n<p><strong>Ricardo Blecua (IMBISA): <\/strong>Bueno, la IA dentro de la parte de ciberseguridad, yo hoy por hoy no la he visto todav\u00eda, por lo menos a m\u00ed. A m\u00ed hoy por hoy no me ha tocado, pero tengo la absoluta seguridad de que la vamos a tener dentro de poco. A m\u00ed una cosa que me preocupa es que se utilice la IA para hacer ataques de ciberseguridad, que es algo que ya se est\u00e1 haciendo tambi\u00e9n y esto no lo he visto, pero s\u00ed que lo he le\u00eddo en bastante literatura y es algo que tambi\u00e9n vamos a sufrir.<\/p>\n<p>Habr\u00e1 que ser muy cuidadoso con esto y tener mucho cuidado con las nuevas tendencias, tambi\u00e9n dentro del malware, que nos puedan venir por esta parte.<\/p>\n<p><strong>Rub\u00e9n Rold\u00f3n (hiberus): <\/strong>Va a ser lo \u00fanico, pero aqu\u00ed discrepo totalmente con Ricardo, en el sentido de que nosotros creemos que toda la parte de ciberseguridad que se hace de forma tradicional est\u00e1 en desventaja respecto a lo que los atacantes ya est\u00e1n usando. Los atacantes ya est\u00e1n usando Inteligencia Artificial. Entonces, no te digo necesario, pero es que es una herramienta que da tantas posibilidades y mejora tanto lo tradicional que, vamos, nosotros dentro de hiberus el portfolio que llevamos dentro de ciber lo hemos reducido much\u00edsimo. Es que hay cosas que ya est\u00e1n funcionando, que ya est\u00e1n s\u00faper probadas, que s\u00ed que es verdad que en Espa\u00f1a ese grado de automatizaci\u00f3n y de confiar en ciertas herramientas a\u00fan est\u00e1 mucho menos maduro que en otros pa\u00edses, pero es que otros pa\u00edses ya llevan a\u00f1os, incluso, y es una maravilla. Yo creo que poco a poco va a ser una tendencia seguro que todas las empresas van a acabar implementando: utilizar la IA para beneficiarse de protegerse contra cosas que luego en las empresas pasan, y comportamientos que no son racionales que la propia IA puede determinar que no es algo que tenga que pasar. Al final, ayuda much\u00edsimo a proteger a las compa\u00f1\u00edas.<\/p>\n<p><strong>Ya estamos a punto de terminar con el episodio. Estamos hablando de tendencias. No s\u00e9 si hay alguna tendencia tecnol\u00f3gica que no haya salido en la conversaci\u00f3n que pens\u00e1is que debamos tener en cuenta o que las empresas deban hacer seguimiento. <\/strong><\/p>\n<p><strong>Ricardo Blecua (IMBISA): <\/strong>Como tendencia general, yo creo que vamos a ver, de hecho ya lo estamos viendo, c\u00f3mo se empiezan a traer poco a poco a Europa servicios que se hab\u00edan llevado al extranjero. Se est\u00e1 viendo ya con los procesos de fabricaci\u00f3n, que se intenta recuperar empresa aqu\u00ed. Y yo creo que determinados servicios que se han estandarizado a pa\u00edses tipo la India y similares, como poco a poco empiezan a volver hacia Europa y espero que tambi\u00e9n hacia Espa\u00f1a.<\/p>\n<p>De hecho, la semana pasada sali\u00f3, sali\u00f3 un estudio de c\u00f3mo estaba el sector servicios en Espa\u00f1a, y estaba empezando a crecer bastante la externalizaci\u00f3n de servicios IT dentro del pa\u00eds, lo cual quiere decir que esto ya se empieza a ver. Y yo creo que esto es algo que tiene carrera por delante y que vamos a ver m\u00e1s.<\/p>\n<p><strong>Rub\u00e9n Rold\u00f3n (hiberus): <\/strong>Yo, respecto a lo que dice Ricardo, estoy totalmente de acuerdo y de hecho en hiberus contamos mucho el tema de la soberan\u00eda, que no hay soberan\u00eda tecnol\u00f3gica en un pa\u00eds y no hay soberan\u00eda de las empresas que lo manejan. Y s\u00ed que hay un dato que a m\u00ed principalmente no me gusta y es que, pr\u00e1cticamente todas las empresas que conozco, grandes, que pueden dar un servicio muy bueno, que tienen gente muy competente, o est\u00e1n siendo compradas por fondos, o est\u00e1n siendo adquiridas por empresas extranjeras. Y, al final, yo lo entiendo, pero que lo hagan todas, que al final no queden empresas soberanas con decisiones en el mismo pa\u00eds, para trabajar en el pa\u00eds. Me parece algo triste, como comentario.<\/p>\n<p>En cuanto a tendencias, yo, al final, de todo lo que tiene que ver con IA soy un apasionado. Cada mes vas leyendo cosas nuevas, que es que dentro de cinco, diez a\u00f1os no me quiero ni imaginar. Y si que, reflexionando un poco, el tema de los robots. Pensar un poco en la historia de Elon Musk, poner robots que pueden hacer trabajos humanos. El c\u00f3mo podr\u00eda llegar a cambiar esto el mundo y el pensar que tampoco a lo mejor estamos tan lejos como todos creemos, puede ser una vuelta de tuerca de lo que conocemos hasta ahora espectacular.<\/p>\n<p><strong>Ricardo Blecua (IMBISA): <\/strong>Tremenda. Pero eso tiene unos cambios sociales importantes.<\/p>\n<p><strong>Hay muchas cosas que trabajar previamente, igual es verdad que a nivel tecnol\u00f3gico no estamos tan lejos de poder conseguirlo, pero luego a nivel de \u00e9tica y a nivel social hay muchas cosas que hablar ah\u00ed.<\/strong><\/p>\n<p><strong>Rub\u00e9n Rold\u00f3n (hiberus): <\/strong>Cuando pienso en eso me pongo rom\u00e1ntico pensando c\u00f3mo habr\u00eda que hacerlo para que se hiciera bien. Lo que pasa es que es verdad que el mundo muchas veces se rige por otras cosas.<\/p>\n<p><strong>Ricardo Blecua (IMBISA): <\/strong>Por la pasta, Rub\u00e9n, por la pasta, dicho mal y pronto.<\/p>\n<p>&nbsp;<\/p>\n<p><span class=\"TextRun SCXW204948065 BCX8\" lang=\"ES-ES\" xml:lang=\"ES-ES\" data-contrast=\"auto\"><span class=\"NormalTextRun SCXW204948065 BCX8\">\u00a1Y hasta aqu\u00ed el podcast de Next Digital! Muchas gracias a Ricardo Blecua y Rub\u00e9n Rold\u00f3n por darnos vuestra visi\u00f3n sobre los sistemas cloud, sus ventajas e inconvenientes aplicados a una empresa real como IMBISA.\u00a0<\/span><\/span><\/p>\n<p>\u00a1<a href=\"https:\/\/linktr.ee\/nextdigital_byhiberus\" target=\"_blank\" rel=\"noopener\">Suscr\u00edbete para no perderte ning\u00fan episodio<\/a>!\u00a0<em>Experience, learn &amp; share.<\/em><\/p>\n<p>&nbsp;<\/p>\n        <div class=\"row\">\n            <div class=\"block-cta-form\" style=\"background-color: #003664;\">\n                <div class=\"content-cta-form\">\n                    <div class=\"text-cta-form\">\n                        <p class=\"title-cta-form\">\u00bfQuieres migrar tu proyecto a cloud?<\/p>\n                        <p>Contacta con nuestro equipo experto en Sistemas.<\/p>\n                    <\/div>\n                    <div class=\"form-fields\">\n                        \n<div class=\"wpcf7 no-js\" id=\"wpcf7-f33973-o1\" lang=\"es-ES\" dir=\"ltr\" data-wpcf7-id=\"33973\">\n<div class=\"screen-reader-response\"><p role=\"status\" aria-live=\"polite\" aria-atomic=\"true\"><\/p> <ul><\/ul><\/div>\n<form action=\"\/crecemos-contigo\/wp-json\/wp\/v2\/posts\/45603#wpcf7-f33973-o1\" method=\"post\" class=\"wpcf7-form init\" aria-label=\"Formulario de contacto\" novalidate=\"novalidate\" data-status=\"init\">\n<fieldset class=\"hidden-fields-container\"><input type=\"hidden\" name=\"_wpcf7\" value=\"33973\" \/><input type=\"hidden\" name=\"_wpcf7_version\" value=\"6.1.5\" \/><input type=\"hidden\" name=\"_wpcf7_locale\" value=\"es_ES\" \/><input type=\"hidden\" name=\"_wpcf7_unit_tag\" value=\"wpcf7-f33973-o1\" \/><input type=\"hidden\" name=\"_wpcf7_container_post\" value=\"0\" \/><input type=\"hidden\" name=\"_wpcf7_posted_data_hash\" value=\"\" \/><input type=\"hidden\" name=\"_wpcf7_recaptcha_response\" value=\"\" \/>\n<\/fieldset>\n<div id=\"responsive-form\" class=\"clearfix\">\n\t<div class=\"form-row\">\n\t\t<div class=\"column-half\">\n\t\t\t<p><span class=\"wpcf7-form-control-wrap\" data-name=\"nombre\"><input size=\"40\" maxlength=\"400\" class=\"wpcf7-form-control wpcf7-text wpcf7-validates-as-required\" aria-required=\"true\" aria-invalid=\"false\" placeholder=\"Nombre *\" value=\"\" type=\"text\" name=\"nombre\" \/><\/span>\n\t\t\t<\/p>\n\t\t<\/div>\n\t\t<div class=\"column-half\">\n\t\t\t<p><span class=\"wpcf7-form-control-wrap\" data-name=\"apellido\"><input size=\"40\" maxlength=\"400\" class=\"wpcf7-form-control wpcf7-text wpcf7-validates-as-required\" aria-required=\"true\" aria-invalid=\"false\" placeholder=\"Apellido *\" value=\"\" type=\"text\" name=\"apellido\" \/><\/span>\n\t\t\t<\/p>\n\t\t<\/div>\n\t<\/div>\n\t<div class=\"form-row\">\n\t\t<div class=\"column-half\">\n\t\t\t<p><span class=\"wpcf7-form-control-wrap\" data-name=\"correo\"><input size=\"40\" maxlength=\"400\" class=\"wpcf7-form-control wpcf7-email wpcf7-validates-as-required wpcf7-text wpcf7-validates-as-email\" aria-required=\"true\" aria-invalid=\"false\" placeholder=\"Correo corporativo *\" value=\"\" type=\"email\" name=\"correo\" \/><\/span>\n\t\t\t<\/p>\n\t\t<\/div>\n\t\t<div class=\"column-half\">\n\t\t\t<p><span class=\"wpcf7-form-control-wrap\" data-name=\"telf-contacto\"><input size=\"40\" maxlength=\"400\" class=\"wpcf7-form-control wpcf7-tel wpcf7-validates-as-required wpcf7-text wpcf7-validates-as-tel\" aria-required=\"true\" aria-invalid=\"false\" placeholder=\"Tel\u00e9fono *\" value=\"\" type=\"tel\" name=\"telf-contacto\" \/><\/span>\n\t\t\t<\/p>\n\t\t<\/div>\n\t<\/div>\n\t<div class=\"form-row\">\n\t\t<div class=\"column-half\">\n\t\t\t<p><span class=\"wpcf7-form-control-wrap\" data-name=\"compania\"><input size=\"40\" maxlength=\"400\" class=\"wpcf7-form-control wpcf7-text wpcf7-validates-as-required\" aria-required=\"true\" aria-invalid=\"false\" placeholder=\"Compa\u00f1ia *\" value=\"\" type=\"text\" name=\"compania\" \/><\/span>\n\t\t\t<\/p>\n\t\t<\/div>\n\t<\/div>\n\t<div class=\"form-row\">\n\t\t<div class=\"column-full\">\n\t\t\t<p><span class=\"wpcf7-form-control-wrap\" data-name=\"mensaje\"><textarea cols=\"40\" rows=\"10\" maxlength=\"2000\" class=\"wpcf7-form-control wpcf7-textarea wpcf7-validates-as-required\" aria-required=\"true\" aria-invalid=\"false\" placeholder=\"Mensaje *\" name=\"mensaje\"><\/textarea><\/span>\n\t\t\t<\/p>\n\t\t<\/div>\n\t<\/div>\n\t<div class=\"form-row\">\n\t\t<div class=\"column-full color-acceptance\">\n\t\t\t<p><span class=\"wpcf7-form-control-wrap\" data-name=\"politica\"><span class=\"wpcf7-form-control wpcf7-acceptance\"><span class=\"wpcf7-list-item\"><label><input type=\"checkbox\" name=\"politica\" value=\"1\" aria-invalid=\"false\" \/><span class=\"wpcf7-list-item-label\">He le\u00eddo y acepto la <a href=\"https:\/\/www.hiberus.com\/politica\" target=\"_blank\"><u>Pol\u00edtica de privacidad<\/u><\/a><\/span><\/label><\/span><\/span><\/span>\n\t\t\t<\/p>\n\t\t<\/div>\n\t<\/div>\n\t<div class=\"form-row\">\n\t\t<div class=\"column-full color-acceptance\">\n\t\t\t<p><span class=\"wpcf7-form-control-wrap\" data-name=\"marketing\"><span class=\"wpcf7-form-control wpcf7-acceptance optional\"><span class=\"wpcf7-list-item\"><label><input type=\"checkbox\" name=\"marketing\" value=\"1\" aria-invalid=\"false\" \/><span class=\"wpcf7-list-item-label\">Me gustar\u00eda recibir comunicaciones de marketing de Hiberus y sobre sus productos, servicios y eventos.<\/span><\/label><\/span><\/span><\/span>\n\t\t\t<\/p>\n\t\t<\/div>\n\t<\/div>\n\t<div class=\"form-row\">\n\t\t<div class=\"column-half\">\n\t\t\t<p><input class=\"wpcf7-form-control wpcf7-submit has-spinner\" type=\"submit\" value=\"Contacta con nosotros\" \/>\n\t\t\t<\/p>\n\t\t<\/div>\n\t<\/div>\n\t<div class=\"form-row\">\n\t\t<div id=\"campos_ocultos\" class=\"hidden\">\n\t\t\t<p><span class=\"wpcf7-form-control-wrap\" data-name=\"oculto_analitica_new1\"><input size=\"40\" maxlength=\"400\" class=\"wpcf7-form-control wpcf7-text\" id=\"oculto_analitica_new1\" aria-invalid=\"false\" value=\"\" type=\"text\" name=\"oculto_analitica_new1\" \/><\/span><br \/>\n<span class=\"wpcf7-form-control-wrap\" data-name=\"oculto_analitica_new2\"><input size=\"40\" maxlength=\"400\" class=\"wpcf7-form-control wpcf7-text\" id=\"oculto_analitica_new2\" aria-invalid=\"false\" value=\"\" type=\"text\" name=\"oculto_analitica_new2\" \/><\/span><br \/>\n<span class=\"wpcf7-form-control-wrap\" data-name=\"oculto_analitica_new3\"><input size=\"40\" maxlength=\"400\" class=\"wpcf7-form-control wpcf7-text\" id=\"oculto_analitica_new3\" aria-invalid=\"false\" value=\"\" type=\"text\" name=\"oculto_analitica_new3\" \/><\/span><br \/>\n<span class=\"wpcf7-form-control-wrap\" data-name=\"oculto_analitica_new4\"><input size=\"40\" maxlength=\"400\" class=\"wpcf7-form-control wpcf7-text\" id=\"oculto_analitica_new4\" aria-invalid=\"false\" value=\"\" type=\"text\" name=\"oculto_analitica_new4\" \/><\/span><br \/>\n<span class=\"wpcf7-form-control-wrap\" data-name=\"oculto_analitica_new_p\"><input size=\"40\" maxlength=\"400\" class=\"wpcf7-form-control wpcf7-text\" id=\"oculto_analitica_new_p\" aria-invalid=\"false\" value=\"\" type=\"text\" name=\"oculto_analitica_new_p\" \/><\/span>\n\t\t\t<\/p>\n\t\t<\/div>\n\t<\/div>\n<\/div>\n\n<!--end responsive-form--><div class=\"wpcf7-response-output\" aria-hidden=\"true\"><\/div>\n<\/form>\n<\/div>\n                    <\/div>\n                <\/div>\n            <\/div>\n        <\/div>\n        \n","protected":false},"excerpt":{"rendered":"<p>Next Digital\u00a0es un podcast de hiberus donde hablamos con figuras destacadas del ecosistema empresarial sobre las estrategias digitales para hacer crecer su&#8230;<\/p>\n","protected":false},"author":3,"featured_media":45659,"comment_status":"open","ping_status":"open","sticky":false,"template":"","format":"standard","meta":{"_acf_changed":false,"_ayudawp_aiss_exclude":false,"footnotes":""},"categories":[244,242,137,246,9],"tags":[21,23,136,226,72],"class_list":{"0":"post-45603","1":"post","2":"type-post","3":"status-publish","4":"format-standard","5":"has-post-thumbnail","7":"category-ciberseguridad","8":"category-cloud","9":"category-destacados","10":"category-infraestructura","11":"category-sistemas-cloud-computing","12":"tag-ciberseguridad","13":"tag-cloud","14":"tag-cloud-infraestructura","15":"tag-nextdigital","16":"tag-sistemas"},"acf":[],"_links":{"self":[{"href":"https:\/\/www.hiberus.com\/crecemos-contigo\/wp-json\/wp\/v2\/posts\/45603","targetHints":{"allow":["GET"]}}],"collection":[{"href":"https:\/\/www.hiberus.com\/crecemos-contigo\/wp-json\/wp\/v2\/posts"}],"about":[{"href":"https:\/\/www.hiberus.com\/crecemos-contigo\/wp-json\/wp\/v2\/types\/post"}],"author":[{"embeddable":true,"href":"https:\/\/www.hiberus.com\/crecemos-contigo\/wp-json\/wp\/v2\/users\/3"}],"replies":[{"embeddable":true,"href":"https:\/\/www.hiberus.com\/crecemos-contigo\/wp-json\/wp\/v2\/comments?post=45603"}],"version-history":[{"count":24,"href":"https:\/\/www.hiberus.com\/crecemos-contigo\/wp-json\/wp\/v2\/posts\/45603\/revisions"}],"predecessor-version":[{"id":45905,"href":"https:\/\/www.hiberus.com\/crecemos-contigo\/wp-json\/wp\/v2\/posts\/45603\/revisions\/45905"}],"wp:featuredmedia":[{"embeddable":true,"href":"https:\/\/www.hiberus.com\/crecemos-contigo\/wp-json\/wp\/v2\/media\/45659"}],"wp:attachment":[{"href":"https:\/\/www.hiberus.com\/crecemos-contigo\/wp-json\/wp\/v2\/media?parent=45603"}],"wp:term":[{"taxonomy":"category","embeddable":true,"href":"https:\/\/www.hiberus.com\/crecemos-contigo\/wp-json\/wp\/v2\/categories?post=45603"},{"taxonomy":"post_tag","embeddable":true,"href":"https:\/\/www.hiberus.com\/crecemos-contigo\/wp-json\/wp\/v2\/tags?post=45603"}],"curies":[{"name":"wp","href":"https:\/\/api.w.org\/{rel}","templated":true}]}}