{"id":1929,"date":"2015-01-13T12:45:42","date_gmt":"2015-01-13T10:45:42","guid":{"rendered":"https:\/\/www.hiberus.com\/blog\/?p=1929"},"modified":"2023-12-04T18:01:03","modified_gmt":"2023-12-04T17:01:03","slug":"despedimos-2014-y-al-2015-le-pedimos-talento","status":"publish","type":"post","link":"https:\/\/www.hiberus.com\/crecemos-contigo\/despedimos-2014-y-al-2015-le-pedimos-talento\/","title":{"rendered":"Despedimos 2014 y al 2015 le pedimos\u2026 talento"},"content":{"rendered":"<p>Acabamos de despedir 2014 y arrancamos un nuevo a\u00f1o cargado de nuevas ilusiones y objetivos. La mayor parte de ellas son una continuaci\u00f3n de muchas iniciativas, proyectos y apuestas estrat\u00e9gicas que, precisamente, se han lanzado a lo largo de este \u00faltimo a\u00f1o.<\/p>\n<p>Ahora bien, si tuvi\u00e9ramos que destacar algo del 2014 en Hiberus, creo que ser\u00eda claramente la <strong>b\u00fasqueda y gesti\u00f3n de talento<\/strong>. Ese ha sido uno de los principales objetivos y \u00e1mbitos\u00a0en los que\u00a0se ha trabajado durante el pasado a\u00f1o.<\/p>\n<p>En 2014, se incorporaron a Hiberus <strong>105 nuevos compa\u00f1eros<\/strong>, de los cuales 35 fueron a trav\u00e9s de nuestro programa de J\u00f3venes Talentos. Hasta tal punto ha sido importante la captaci\u00f3n de talento que se puso en marcha la <strong>campa\u00f1a \u201cEstas o te lo pierdes\u201d<\/strong> a trav\u00e9s de la p\u00e1gina web <a href=\"http:\/\/www.estasotelopierdes.com\/?utm_source=BlogHiberus&amp;utm_medium=referral&amp;utm_content=categoria-hiberus&amp;utm_campaign=despedimos2014\" target=\"_blank\" rel=\"noopener noreferrer\">www.estasotelopierdes.com<\/a>. El objetivo de la campa\u00f1a era llegar a cualquier profesional con talento que pudiera encajar en alguna de las muchas \u00e1reas de Hiberus que se encuentran en crecimiento. Y ese es precisamente nuestro \u00abproblema\u00bb o m\u00e1s bien nuestra suerte, son muchas las \u00e1reas que se encuentran en crecimiento.<\/p>\n<p><a href=\"http:\/\/www.estasotelopierdes.com\/\" target=\"_blank\" rel=\"noopener noreferrer\"><img loading=\"lazy\" decoding=\"async\" class=\"aligncenter wp-image-1949\" src=\"https:\/\/www.hiberus.com\/crecemos-contigo\/wp-content\/uploads\/2015\/01\/Estas-o-te-lo-pierdes.png\" alt=\"Estas o te lo pierdes\" width=\"618\" height=\"310\" srcset=\"https:\/\/www.hiberus.com\/crecemos-contigo\/wp-content\/uploads\/2015\/01\/Estas-o-te-lo-pierdes.png 1915w, https:\/\/www.hiberus.com\/crecemos-contigo\/wp-content\/uploads\/2015\/01\/Estas-o-te-lo-pierdes-300x150.png 300w, https:\/\/www.hiberus.com\/crecemos-contigo\/wp-content\/uploads\/2015\/01\/Estas-o-te-lo-pierdes-1024x513.png 1024w, https:\/\/www.hiberus.com\/crecemos-contigo\/wp-content\/uploads\/2015\/01\/Estas-o-te-lo-pierdes-768x385.png 768w, https:\/\/www.hiberus.com\/crecemos-contigo\/wp-content\/uploads\/2015\/01\/Estas-o-te-lo-pierdes-1536x770.png 1536w, https:\/\/www.hiberus.com\/crecemos-contigo\/wp-content\/uploads\/2015\/01\/Estas-o-te-lo-pierdes-360x180.png 360w\" sizes=\"auto, (max-width: 618px) 100vw, 618px\" \/><\/a><\/p>\n<p>&nbsp;<\/p>\n<p>Hiberus es muy conocido en el Valle del Ebro y no pod\u00eda ser de otra forma al ser la principal consultora de la regi\u00f3n (en 2014 se han superado los 500 empleados). A\u00a0lo largo de este a\u00f1o hemos participado en algunos de los principales proyectos de Arag\u00f3n como el <strong>proyecto de integraci\u00f3n de Caja3 en Ibercaja<\/strong>, el centro de excelencia europeo de la multinacional <strong>Alliance Healthcare<\/strong>, el mantenimiento de todas las aplicaciones del <strong>Gobierno de Arag\u00f3n<\/strong> o el desarrollo del <strong>sistema de gesti\u00f3n de MAZ<\/strong>. Igualmente estamos presentes en Navarra con el mantenimiento de las aplicaciones del <strong>Gobierno de Navarra<\/strong> o la renovaci\u00f3n del CMS del <strong>Diario de Navarra<\/strong>. O en Rioja con el mantenimiento de sistemas de <strong>Arsys<\/strong> o el Opendata del<strong> Ayuntamiento de Logro\u00f1o<\/strong>. Algunas de las nuevas incorporaciones se han realizado\u00a0en estos proyectos pero tambi\u00e9n han sido muchos los nuevos compa\u00f1eros que se han incorporado para proyectos de nuestras delegaciones de <strong>Castilla y Le\u00f3n, Asturias, Madrid o Sevilla<\/strong> y tambi\u00e9n en nuestras oficinas internacionales como <strong>M\u00e9xico o Bogot\u00e1<\/strong>.<\/p>\n<p>Hablando de internacionalizaci\u00f3n, 2014 ha sido el a\u00f1o donde se ha puesto foco en el proceso de expansi\u00f3n internacional y podemos sentirnos claramente satisfechos. Disponemos de 14 productos implantados en mercados internacionales. En concreto nuestra \u00e1rea Hiberus Travel y nuestro producto<strong> <a title=\"Travel One Inventory Software para Viajes\" href=\"https:\/\/www.hiberus.com\/soluciones\" target=\"_blank\" rel=\"noopener noreferrer\">Travel One Inventory<\/a> <\/strong>est\u00e1 ya considerado uno de los tres principales productos del mundo y cuenta como clientes con una gran parte de los principales touroperadores de Europa y LATAM y en la actualidad tenemos oportunidades de negocio en 26 pa\u00edses diferentes. Tambi\u00e9n Hiberus Media y el CMS para medios de comunicaci\u00f3n <a href=\"https:\/\/www.hiberus.com\/soluciones\/xalok\"><b>Xalok <\/b><\/a>est\u00e1 siendo implantado especialmente en peri\u00f3dicos de LATAM.<\/p>\n<p>&nbsp;<\/p>\n<p><img loading=\"lazy\" decoding=\"async\" class=\"aligncenter wp-image-1950\" src=\"https:\/\/www.hiberus.com\/crecemos-contigo\/wp-content\/uploads\/2015\/01\/travelio.png\" alt=\"travelio\" width=\"600\" height=\"303\" srcset=\"https:\/\/www.hiberus.com\/crecemos-contigo\/wp-content\/uploads\/2015\/01\/travelio.png 1852w, https:\/\/www.hiberus.com\/crecemos-contigo\/wp-content\/uploads\/2015\/01\/travelio-300x152.png 300w, https:\/\/www.hiberus.com\/crecemos-contigo\/wp-content\/uploads\/2015\/01\/travelio-1024x518.png 1024w, https:\/\/www.hiberus.com\/crecemos-contigo\/wp-content\/uploads\/2015\/01\/travelio-768x388.png 768w, https:\/\/www.hiberus.com\/crecemos-contigo\/wp-content\/uploads\/2015\/01\/travelio-1536x776.png 1536w, https:\/\/www.hiberus.com\/crecemos-contigo\/wp-content\/uploads\/2015\/01\/travelio-360x182.png 360w\" sizes=\"auto, (max-width: 600px) 100vw, 600px\" \/><\/p>\n<p>En t\u00e9rminos generales, Hiberus tiene proyectos en la actualidad en la mayor parte de los pa\u00edses de LATAM adem\u00e1s de EEUU, Francia, Italia, Alemania, UK, Noruega, Suecia, Rusia, Marruecos y Emiratos \u00c1rabes.<\/p>\n<p>Algunas de nuestras filiales como<strong> <a href=\"http:\/\/www.semmantica.com\/\" target=\"_blank\" rel=\"noopener noreferrer\">Semmantica<\/a><\/strong> est\u00e1n operando de forma globalizada. <strong>Franchise Resources<\/strong> acaba de abrir M\u00e9xico y Portugal y esperamos abrir Colombia en los pr\u00f3ximos meses. <strong>Up and Scrap,<\/strong> que ya es l\u00edder en Espa\u00f1a, est\u00e1 preparando su nueva plataforma para competir en todos los pa\u00edses de la UE y acaba de trasladarse a unas nuevas instalaciones con 3.800 metros de almac\u00e9n. <a title=\"Hiberus Desarrollos Multicanal\" href=\"https:\/\/www.hiberus.com\/mobile?utm_source=BlogHiberus&amp;utm_medium=referral&amp;utm_content=categoria-hiberus&amp;utm_campaign=despedimos2014\" target=\"_blank\" rel=\"noopener noreferrer\"><strong>Hiberus Multicanal<\/strong><\/a> entre otros proyectos lidera el proyecto Queen, el m\u00e1s importante de movilidad en Europa.<\/p>\n<p>Aunque desde Hiberus apostamos por crear delegaciones y filiales geogr\u00e1ficas, las \u00e1reas que mayor potencial tienen en la internacionalizaci\u00f3n son aquellas que tienen una mayor especializaci\u00f3n, especialmente si est\u00e1n basadas en producto. Son estas \u00e1reas las que mayor crecimiento est\u00e1n teniendo como <a title=\"Atenea Servicio de asistencia t\u00e9cnica\" href=\"https:\/\/www.hiberus.com\/soluciones\/atenea\" target=\"_blank\" rel=\"noopener noreferrer\"><strong>Atenea<\/strong><\/a> que ya es el software l\u00edder para Servicios de Asistencia T\u00e9cnica en Espa\u00f1a, el \u00faltimo en incorporarse ha sido el Grupo Ariston o <strong>SIGAD<\/strong> para gesti\u00f3n acad\u00e9mica, que este a\u00f1o ha sido implantado en la mayor parte de los colegios del Gobierno de Arag\u00f3n y que para este nuevo a\u00f1o esperamos realizar las primeras implantaciones en LATAM. Y dos \u00e1reas donde claramente Hiberus est\u00e1 destacando son <a title=\"Business Inteligence Ventaja Competitiva para Empresas\" href=\"https:\/\/www.hiberus.com\/noticias?utm_source=BlogHiberus&amp;utm_medium=referral&amp;utm_content=categoria-hiberus&amp;utm_campaign=despedimos2014\" target=\"_blank\" rel=\"noopener noreferrer\"><strong>Business Intelligence<\/strong> <\/a>o\u00a0<a title=\"HIberus Desarrollo para Internet\" href=\"https:\/\/www.hiberus.com\/agencia-digital?utm_source=BlogHiberus&amp;utm_medium=referral&amp;utm_content=categoria-hiberus&amp;utm_campaign=despedimos2014\" target=\"_blank\" rel=\"noopener noreferrer\"><strong>Hiberus Digital<\/strong> <\/a>donde estamos liderando algunos de los principales negocios en la red\u00a0tanto de grandes marcas como de visionarios que est\u00e1n liderando el mundo online. Este a\u00f1o destacan proyectos como la renovaci\u00f3n de la estrategia online del hist\u00f3rico BIC, el portal de <a href=\"http:\/\/esmadrid.com\" target=\"_blank\" rel=\"noopener noreferrer\">Turismo del Ayuntamiento de Madrid<\/a> o el nuevo ecommerce de <a href=\"http:\/\/www.interflora.es\" target=\"_blank\" rel=\"noopener noreferrer\">Interflora<\/a>. Se ha apostado por Magento con el objetivo de convertirnos en uno de los principales partners europeos. Adem\u00e1s, algunos de nuestros clientes han sido reconocidos como el caso de <a href=\"http:\/\/www.imaginarium.es\" target=\"_blank\" rel=\"noopener noreferrer\">Imaginarium <\/a>premiado\u00a0como el mejor portal .es y mejor ecomerce .es. Tambi\u00e9n han sido premiados <a href=\"http:\/\/www.aragonradio.com\" target=\"_blank\" rel=\"noopener noreferrer\">AragonRadio <\/a>o Up and Scrap. Y por \u00faltimo tambi\u00e9n ha sido importante la apuesta por desarrollar y participar en negocios digitales propios como Zaquia, <a href=\"http:\/\/www.euronics.es\" target=\"_blank\" rel=\"noopener noreferrer\">Euronics<\/a>, Up and Scrap o <a href=\"http:\/\/www.comprarfranquicia.com\" target=\"_blank\" rel=\"noopener noreferrer\">ComprarFranquicia<\/a>.<\/p>\n<p>Son muchas las oportunidades, iniciativas y proyectos que tenemos en marcha y una necesidad clara, talento para liderar, gestionar y llevar a cabo estos proyectos. Necesitamos diamantes en bruto y profesionales con experiencia. Pero tambi\u00e9n necesitamos intraemprendedores que puedan liderar \u00e1reas emergentes. En definitiva talento y, como las cosas no llegan nunca por arte de magia, esta necesidad explica que desde Hiberus el a\u00f1o pasado hici\u00e9ramos un esfuerzo muy importante por lanzar <strong>Hiberus Emprende<\/strong> con diferentes iniciativas entre las que destaca <a title=\"La Terminal Incubadora de Proyectos Emprendedores\" href=\"http:\/\/www.la-terminal.es\" target=\"_blank\" rel=\"noopener noreferrer\">La Terminal\u00a0 <\/a>que, ubicada en Etopia, es la principal incubadora y aceleradora del Valle del Ebro gestionada conjuntamente por Hiberus e Ibercaja.<\/p>\n<p>&nbsp;<\/p>\n<p><img loading=\"lazy\" decoding=\"async\" class=\"aligncenter wp-image-1951\" src=\"https:\/\/www.hiberus.com\/crecemos-contigo\/wp-content\/uploads\/2015\/01\/la-terminal-de-etopia.jpg\" alt=\"la terminal de etopia\" width=\"570\" height=\"321\" srcset=\"https:\/\/www.hiberus.com\/crecemos-contigo\/wp-content\/uploads\/2015\/01\/la-terminal-de-etopia.jpg 1080w, https:\/\/www.hiberus.com\/crecemos-contigo\/wp-content\/uploads\/2015\/01\/la-terminal-de-etopia-300x169.jpg 300w, https:\/\/www.hiberus.com\/crecemos-contigo\/wp-content\/uploads\/2015\/01\/la-terminal-de-etopia-1024x576.jpg 1024w, https:\/\/www.hiberus.com\/crecemos-contigo\/wp-content\/uploads\/2015\/01\/la-terminal-de-etopia-768x432.jpg 768w, https:\/\/www.hiberus.com\/crecemos-contigo\/wp-content\/uploads\/2015\/01\/la-terminal-de-etopia-360x203.jpg 360w\" sizes=\"auto, (max-width: 570px) 100vw, 570px\" \/><\/p>\n<p>&nbsp;<\/p>\n<p>Pues eso!&#8230; Son muchas iniciativas en marcha y esperamos que el 2015 nos permita consolidar unas y abrir otras, pero para eso necesitamos<strong> incorporar talento<\/strong>\u00a0y ese ser\u00e1 uno de los principales objetivos de este nuevo a\u00f1o. Si eres uno de ellos, te esperamos en Hiberus.<\/p>\n<p>&nbsp;<\/p>\n\n\t\t<style>\n\t\t\t#gallery-1 {\n\t\t\t\tmargin: auto;\n\t\t\t}\n\t\t\t#gallery-1 .gallery-item {\n\t\t\t\tfloat: left;\n\t\t\t\tmargin-top: 10px;\n\t\t\t\ttext-align: center;\n\t\t\t\twidth: 25%;\n\t\t\t}\n\t\t\t#gallery-1 img {\n\t\t\t\tborder: 2px solid #cfcfcf;\n\t\t\t}\n\t\t\t#gallery-1 .gallery-caption {\n\t\t\t\tmargin-left: 0;\n\t\t\t}\n\t\t\t\/* see gallery_shortcode() in wp-includes\/media.php *\/\n\t\t<\/style>\n\t\t<div id='gallery-1' class='gallery galleryid-1929 gallery-columns-4 gallery-size-thumbnail'><dl class='gallery-item'>\n\t\t\t<dt class='gallery-icon landscape'>\n\t\t\t\t<a href='https:\/\/www.hiberus.com\/crecemos-contigo\/wp-content\/uploads\/2015\/01\/Premio-zangalleta.jpg' title=\"\" data-rl_title=\"\" class=\"rl-gallery-link\" data-rl_caption=\"\" data-rel=\"lightbox-gallery-1\"><img loading=\"lazy\" decoding=\"async\" width=\"150\" height=\"150\" src=\"https:\/\/www.hiberus.com\/crecemos-contigo\/wp-content\/uploads\/2015\/01\/Premio-zangalleta-150x150.jpg\" class=\"attachment-thumbnail size-thumbnail\" alt=\"Ricardo Mur galardonado con el premio Zangalleta 2014\" aria-describedby=\"gallery-1-1946\" \/><\/a>\n\t\t\t<\/dt>\n\t\t\t\t<dd class='wp-caption-text gallery-caption' id='gallery-1-1946'>\n\t\t\t\tRicardo Mur galardonado con el premio Zangalleta 2014\n\t\t\t\t<\/dd><\/dl><dl class='gallery-item'>\n\t\t\t<dt class='gallery-icon landscape'>\n\t\t\t\t<a href='https:\/\/www.hiberus.com\/crecemos-contigo\/wp-content\/uploads\/2015\/01\/Foto-de-la-cena.jpg' title=\"\" data-rl_title=\"\" class=\"rl-gallery-link\" data-rl_caption=\"\" data-rel=\"lightbox-gallery-1\"><img loading=\"lazy\" decoding=\"async\" width=\"150\" height=\"150\" src=\"https:\/\/www.hiberus.com\/crecemos-contigo\/wp-content\/uploads\/2015\/01\/Foto-de-la-cena-150x150.jpg\" class=\"attachment-thumbnail size-thumbnail\" alt=\"\" aria-describedby=\"gallery-1-1939\" \/><\/a>\n\t\t\t<\/dt>\n\t\t\t\t<dd class='wp-caption-text gallery-caption' id='gallery-1-1939'>\n\t\t\t\tCena de las Telecomunicaciones\n\t\t\t\t<\/dd><\/dl><dl class='gallery-item'>\n\t\t\t<dt class='gallery-icon landscape'>\n\t\t\t\t<a href='https:\/\/www.hiberus.com\/crecemos-contigo\/wp-content\/uploads\/2015\/01\/IMG_20141001_094957-scaled.jpg' title=\"\" data-rl_title=\"\" class=\"rl-gallery-link\" data-rl_caption=\"\" data-rel=\"lightbox-gallery-1\"><img loading=\"lazy\" decoding=\"async\" width=\"150\" height=\"150\" src=\"https:\/\/www.hiberus.com\/crecemos-contigo\/wp-content\/uploads\/2015\/01\/IMG_20141001_094957-150x150.jpg\" class=\"attachment-thumbnail size-thumbnail\" alt=\"\" aria-describedby=\"gallery-1-1940\" \/><\/a>\n\t\t\t<\/dt>\n\t\t\t\t<dd class='wp-caption-text gallery-caption' id='gallery-1-1940'>\n\t\t\t\tRicardo Mur en el Evento de Hiberus Sistemas y Citrix\n\t\t\t\t<\/dd><\/dl><dl class='gallery-item'>\n\t\t\t<dt class='gallery-icon landscape'>\n\t\t\t\t<a href='https:\/\/www.hiberus.com\/crecemos-contigo\/wp-content\/uploads\/2015\/01\/DSC0474-1000x665-1.jpg' title=\"\" data-rl_title=\"\" class=\"rl-gallery-link\" data-rl_caption=\"\" data-rel=\"lightbox-gallery-1\"><img loading=\"lazy\" decoding=\"async\" width=\"150\" height=\"150\" src=\"https:\/\/www.hiberus.com\/crecemos-contigo\/wp-content\/uploads\/2015\/01\/DSC0474-1000x665-1-150x150.jpg\" class=\"attachment-thumbnail size-thumbnail\" alt=\"\" aria-describedby=\"gallery-1-1936\" \/><\/a>\n\t\t\t<\/dt>\n\t\t\t\t<dd class='wp-caption-text gallery-caption' id='gallery-1-1936'>\n\t\t\t\tCarrera de equipos Esic \n\t\t\t\t<\/dd><\/dl><br style=\"clear: both\" \/><dl class='gallery-item'>\n\t\t\t<dt class='gallery-icon landscape'>\n\t\t\t\t<a href='https:\/\/www.hiberus.com\/crecemos-contigo\/wp-content\/uploads\/2015\/01\/10389196_10204057210931033_5042850811939397967_n.jpg' title=\"\" data-rl_title=\"\" class=\"rl-gallery-link\" data-rl_caption=\"\" data-rel=\"lightbox-gallery-1\"><img loading=\"lazy\" decoding=\"async\" width=\"150\" height=\"150\" src=\"https:\/\/www.hiberus.com\/crecemos-contigo\/wp-content\/uploads\/2015\/01\/10389196_10204057210931033_5042850811939397967_n-150x150.jpg\" class=\"attachment-thumbnail size-thumbnail\" alt=\"\" aria-describedby=\"gallery-1-1934\" \/><\/a>\n\t\t\t<\/dt>\n\t\t\t\t<dd class='wp-caption-text gallery-caption' id='gallery-1-1934'>\n\t\t\t\tIgnacio Mu\u00f1oz en Foro Pilot\n\t\t\t\t<\/dd><\/dl><dl class='gallery-item'>\n\t\t\t<dt class='gallery-icon landscape'>\n\t\t\t\t<a href='https:\/\/www.hiberus.com\/crecemos-contigo\/wp-content\/uploads\/2015\/01\/1401474140429.jpg' title=\"\" data-rl_title=\"\" class=\"rl-gallery-link\" data-rl_caption=\"\" data-rel=\"lightbox-gallery-1\"><img loading=\"lazy\" decoding=\"async\" width=\"150\" height=\"150\" src=\"https:\/\/www.hiberus.com\/crecemos-contigo\/wp-content\/uploads\/2015\/01\/1401474140429-150x150.jpg\" class=\"attachment-thumbnail size-thumbnail\" alt=\"\" aria-describedby=\"gallery-1-1935\" \/><\/a>\n\t\t\t<\/dt>\n\t\t\t\t<dd class='wp-caption-text gallery-caption' id='gallery-1-1935'>\n\t\t\t\tEquipo de Multicanalidad en Foro Pilot\n\t\t\t\t<\/dd><\/dl><dl class='gallery-item'>\n\t\t\t<dt class='gallery-icon landscape'>\n\t\t\t\t<a href='https:\/\/www.hiberus.com\/crecemos-contigo\/wp-content\/uploads\/2015\/01\/Equipo-de-Negocio-de-Hiberus-en-Congreso-Web-2.jpg' title=\"\" data-rl_title=\"\" class=\"rl-gallery-link\" data-rl_caption=\"\" data-rel=\"lightbox-gallery-1\"><img loading=\"lazy\" decoding=\"async\" width=\"150\" height=\"150\" src=\"https:\/\/www.hiberus.com\/crecemos-contigo\/wp-content\/uploads\/2015\/01\/Equipo-de-Negocio-de-Hiberus-en-Congreso-Web-2-150x150.jpg\" class=\"attachment-thumbnail size-thumbnail\" alt=\"\" aria-describedby=\"gallery-1-1937\" \/><\/a>\n\t\t\t<\/dt>\n\t\t\t\t<dd class='wp-caption-text gallery-caption' id='gallery-1-1937'>\n\t\t\t\tEquipo de Negocio en Congreso Web\n\t\t\t\t<\/dd><\/dl><dl class='gallery-item'>\n\t\t\t<dt class='gallery-icon landscape'>\n\t\t\t\t<a href='https:\/\/www.hiberus.com\/crecemos-contigo\/wp-content\/uploads\/2015\/01\/Equipo-de-Negocio-de-Hiberus-en-Congreso-Web.jpg' title=\"\" data-rl_title=\"\" class=\"rl-gallery-link\" data-rl_caption=\"\" data-rel=\"lightbox-gallery-1\"><img loading=\"lazy\" decoding=\"async\" width=\"150\" height=\"150\" src=\"https:\/\/www.hiberus.com\/crecemos-contigo\/wp-content\/uploads\/2015\/01\/Equipo-de-Negocio-de-Hiberus-en-Congreso-Web-150x150.jpg\" class=\"attachment-thumbnail size-thumbnail\" alt=\"\" aria-describedby=\"gallery-1-1938\" \/><\/a>\n\t\t\t<\/dt>\n\t\t\t\t<dd class='wp-caption-text gallery-caption' id='gallery-1-1938'>\n\t\t\t\tEquipo de Negocio en Congreso Web\n\t\t\t\t<\/dd><\/dl><br style=\"clear: both\" \/><dl class='gallery-item'>\n\t\t\t<dt class='gallery-icon landscape'>\n\t\t\t\t<a href='https:\/\/www.hiberus.com\/crecemos-contigo\/wp-content\/uploads\/2015\/01\/IMG_20141113_181607.png' title=\"\" data-rl_title=\"\" class=\"rl-gallery-link\" data-rl_caption=\"\" data-rel=\"lightbox-gallery-1\"><img loading=\"lazy\" decoding=\"async\" width=\"150\" height=\"150\" src=\"https:\/\/www.hiberus.com\/crecemos-contigo\/wp-content\/uploads\/2015\/01\/IMG_20141113_181607-150x150.png\" class=\"attachment-thumbnail size-thumbnail\" alt=\"\" aria-describedby=\"gallery-1-1941\" \/><\/a>\n\t\t\t<\/dt>\n\t\t\t\t<dd class='wp-caption-text gallery-caption' id='gallery-1-1941'>\n\t\t\t\tJos\u00e9 Andr\u00e9s Cardiel de Euronics en Mobile Commerce\n\t\t\t\t<\/dd><\/dl><dl class='gallery-item'>\n\t\t\t<dt class='gallery-icon landscape'>\n\t\t\t\t<a href='https:\/\/www.hiberus.com\/crecemos-contigo\/wp-content\/uploads\/2015\/01\/Aragon-territorio-innovador.jpg' title=\"\" data-rl_title=\"\" class=\"rl-gallery-link\" data-rl_caption=\"\" data-rel=\"lightbox-gallery-1\"><img loading=\"lazy\" decoding=\"async\" width=\"150\" height=\"150\" src=\"https:\/\/www.hiberus.com\/crecemos-contigo\/wp-content\/uploads\/2015\/01\/Aragon-territorio-innovador-150x150.jpg\" class=\"attachment-thumbnail size-thumbnail\" alt=\"Aragon Territorio Innovador\" aria-describedby=\"gallery-1-1943\" \/><\/a>\n\t\t\t<\/dt>\n\t\t\t\t<dd class='wp-caption-text gallery-caption' id='gallery-1-1943'>\n\t\t\t\tAragon Territorio Innovador\n\t\t\t\t<\/dd><\/dl><dl class='gallery-item'>\n\t\t\t<dt class='gallery-icon landscape'>\n\t\t\t\t<a href='https:\/\/www.hiberus.com\/crecemos-contigo\/wp-content\/uploads\/2015\/01\/Conferencia-Firma-digital.jpg' title=\"\" data-rl_title=\"\" class=\"rl-gallery-link\" data-rl_caption=\"\" data-rel=\"lightbox-gallery-1\"><img loading=\"lazy\" decoding=\"async\" width=\"150\" height=\"150\" src=\"https:\/\/www.hiberus.com\/crecemos-contigo\/wp-content\/uploads\/2015\/01\/Conferencia-Firma-digital-150x150.jpg\" class=\"attachment-thumbnail size-thumbnail\" alt=\"Conferencia sobre Firma digital\" aria-describedby=\"gallery-1-1944\" \/><\/a>\n\t\t\t<\/dt>\n\t\t\t\t<dd class='wp-caption-text gallery-caption' id='gallery-1-1944'>\n\t\t\t\tConferencia sobre Firma digital\n\t\t\t\t<\/dd><\/dl><dl class='gallery-item'>\n\t\t\t<dt class='gallery-icon landscape'>\n\t\t\t\t<a href='https:\/\/www.hiberus.com\/crecemos-contigo\/wp-content\/uploads\/2015\/01\/Feria-Empleo-Khunnel.jpg' title=\"\" data-rl_title=\"\" class=\"rl-gallery-link\" data-rl_caption=\"\" data-rel=\"lightbox-gallery-1\"><img loading=\"lazy\" decoding=\"async\" width=\"150\" height=\"150\" src=\"https:\/\/www.hiberus.com\/crecemos-contigo\/wp-content\/uploads\/2015\/01\/Feria-Empleo-Khunnel-150x150.jpg\" class=\"attachment-thumbnail size-thumbnail\" alt=\"Hiberus en la Feria Empleo de Khunnel\" aria-describedby=\"gallery-1-1945\" \/><\/a>\n\t\t\t<\/dt>\n\t\t\t\t<dd class='wp-caption-text gallery-caption' id='gallery-1-1945'>\n\t\t\t\tHiberus en la Feria Empleo de Khunnel\n\t\t\t\t<\/dd><\/dl><br style=\"clear: both\" \/>\n\t\t<\/div>\n\n","protected":false},"excerpt":{"rendered":"<p>Acabamos de despedir 2014 y arrancamos un nuevo a\u00f1o cargado de nuevas ilusiones y objetivos. La mayor parte de ellas son una&#8230;<\/p>\n","protected":false},"author":22,"featured_media":1953,"comment_status":"open","ping_status":"open","sticky":false,"template":"","format":"standard","meta":{"_acf_changed":false,"_ayudawp_aiss_exclude":false,"footnotes":""},"categories":[2,11,252],"tags":[],"class_list":{"0":"post-1929","1":"post","2":"type-post","3":"status-publish","4":"format-standard","5":"has-post-thumbnail","7":"category-noticiassector","8":"category-hiberus","9":"category-servicio-tecnico"},"acf":[],"_links":{"self":[{"href":"https:\/\/www.hiberus.com\/crecemos-contigo\/wp-json\/wp\/v2\/posts\/1929","targetHints":{"allow":["GET"]}}],"collection":[{"href":"https:\/\/www.hiberus.com\/crecemos-contigo\/wp-json\/wp\/v2\/posts"}],"about":[{"href":"https:\/\/www.hiberus.com\/crecemos-contigo\/wp-json\/wp\/v2\/types\/post"}],"author":[{"embeddable":true,"href":"https:\/\/www.hiberus.com\/crecemos-contigo\/wp-json\/wp\/v2\/users\/22"}],"replies":[{"embeddable":true,"href":"https:\/\/www.hiberus.com\/crecemos-contigo\/wp-json\/wp\/v2\/comments?post=1929"}],"version-history":[{"count":4,"href":"https:\/\/www.hiberus.com\/crecemos-contigo\/wp-json\/wp\/v2\/posts\/1929\/revisions"}],"predecessor-version":[{"id":38315,"href":"https:\/\/www.hiberus.com\/crecemos-contigo\/wp-json\/wp\/v2\/posts\/1929\/revisions\/38315"}],"wp:featuredmedia":[{"embeddable":true,"href":"https:\/\/www.hiberus.com\/crecemos-contigo\/wp-json\/wp\/v2\/media\/1953"}],"wp:attachment":[{"href":"https:\/\/www.hiberus.com\/crecemos-contigo\/wp-json\/wp\/v2\/media?parent=1929"}],"wp:term":[{"taxonomy":"category","embeddable":true,"href":"https:\/\/www.hiberus.com\/crecemos-contigo\/wp-json\/wp\/v2\/categories?post=1929"},{"taxonomy":"post_tag","embeddable":true,"href":"https:\/\/www.hiberus.com\/crecemos-contigo\/wp-json\/wp\/v2\/tags?post=1929"}],"curies":[{"name":"wp","href":"https:\/\/api.w.org\/{rel}","templated":true}]}}